{"id":29118,"date":"2025-05-09T10:55:30","date_gmt":"2025-05-09T10:55:30","guid":{"rendered":"https:\/\/bergen.katolsk.no\/?p=29118"},"modified":"2025-05-09T10:55:54","modified_gmt":"2025-05-09T10:55:54","slug":"kunngjoringer-sondag-11-mai-2025","status":"publish","type":"post","link":"https:\/\/bergen.katolsk.no\/?p=29118","title":{"rendered":"KUNNGJ\u00d8RINGER S\u00d8NDAG 11. MAI 2025"},"content":{"rendered":"\n<figure class=\"wp-block-image size-full\"><a href=\"https:\/\/bergen.katolsk.no\/wp-content\/uploads\/2025\/01\/St.-paul-Kirke2.jpg\"><img loading=\"lazy\" decoding=\"async\" width=\"425\" height=\"640\" src=\"https:\/\/bergen.katolsk.no\/wp-content\/uploads\/2025\/01\/St.-paul-Kirke2.jpg\" alt=\"\" class=\"wp-image-28572\" srcset=\"https:\/\/bergen.katolsk.no\/wp-content\/uploads\/2025\/01\/St.-paul-Kirke2.jpg 425w, https:\/\/bergen.katolsk.no\/wp-content\/uploads\/2025\/01\/St.-paul-Kirke2-199x300.jpg 199w\" sizes=\"auto, (max-width: 425px) 100vw, 425px\" \/><\/a><\/figure>\n\n\n\n<p><\/p>\n\n\n\n<p>&#8211; Tirsdag, 13. mai feirer vi Marias \u00e5penbaringer i Fatima. Det blir film om Fatima kl. 16 p\u00e5 skolens auditorium. Kl.&nbsp;17.45 blir det Fatimaprosesjon i kirken, kl. 18 rosenkrans og tilbedelse og messe kl. 19 p\u00e5 norsk. Alle er velkomne til kirkekaffe p\u00e5 skolens personalrom etterp\u00e5.<\/p>\n\n\n\n<p>&#8211; 17.-24. september p\u00e5 Marias Minde arrangeres f\u00f8rste del av en formasjonsretrett i Den Gode Hyrde-katekese for voksne, med fokus p\u00e5 barn 0-3 \u00e5r. Se plakat for mer informasjon.&nbsp; P\u00e5meldingsfrist f\u00f8r sommerferien.<\/p>\n\n\n\n<p>&#8211; Det er n\u00e5 tid for \u00e5 melde p\u00e5 barn og ungdom i alle aldre til h\u00f8stens katekese.<\/p>\n\n\n\n<p>&#8211; Som i tidligere \u00e5r, er det ogs\u00e5 denne helgen mulig \u00e5 kj\u00f8pe Gode-Hyrde-lys bak i kirken. Overskuddet g\u00e5r til menigheten.<\/p>\n\n\n\n<p>&#8211; Ifm Den-Gode-Hyrde-s\u00f8ndagen, som feires denne helgen, g\u00e5r dagens kollekt til St. Eystein presteseminar i Oslo.<\/p>\n\n\n\n<p>&#8212;&#8212;&#8212;&#8212;&#8212;&#8212;&#8212;&#8212;&#8212;&#8212;&#8212;&#8212;&#8212;&#8212;&#8212;&#8212;&#8212;&#8212;&#8212;&#8212;&#8212;&#8212;&#8212;<\/p>\n\n\n\n<p><em>Etter h\u00f8ymessen<\/em> er alle hjertelig velkommen til kirkekaffe i Krypten.<\/p>\n","protected":false},"excerpt":{"rendered":"<p>&#8211; Tirsdag, 13. mai feirer vi Marias \u00e5penbaringer i Fatima. Det blir film om Fatima kl. 16 p\u00e5 skolens auditorium.<\/p>\n","protected":false},"author":12,"featured_media":0,"comment_status":"closed","ping_status":"closed","sticky":false,"template":"","format":"standard","meta":{"colormag_page_container_layout":"default_layout","colormag_page_sidebar_layout":"default_layout","_exactmetrics_skip_tracking":false,"_exactmetrics_sitenote_active":false,"_exactmetrics_sitenote_note":"","_exactmetrics_sitenote_category":0,"footnotes":""},"categories":[4],"tags":[],"class_list":["post-29118","post","type-post","status-publish","format-standard","hentry","category-kunngjoring"],"_links":{"self":[{"href":"https:\/\/bergen.katolsk.no\/index.php?rest_route=\/wp\/v2\/posts\/29118","targetHints":{"allow":["GET"]}}],"collection":[{"href":"https:\/\/bergen.katolsk.no\/index.php?rest_route=\/wp\/v2\/posts"}],"about":[{"href":"https:\/\/bergen.katolsk.no\/index.php?rest_route=\/wp\/v2\/types\/post"}],"author":[{"embeddable":true,"href":"https:\/\/bergen.katolsk.no\/index.php?rest_route=\/wp\/v2\/users\/12"}],"replies":[{"embeddable":true,"href":"https:\/\/bergen.katolsk.no\/index.php?rest_route=%2Fwp%2Fv2%2Fcomments&post=29118"}],"version-history":[{"count":1,"href":"https:\/\/bergen.katolsk.no\/index.php?rest_route=\/wp\/v2\/posts\/29118\/revisions"}],"predecessor-version":[{"id":29119,"href":"https:\/\/bergen.katolsk.no\/index.php?rest_route=\/wp\/v2\/posts\/29118\/revisions\/29119"}],"wp:attachment":[{"href":"https:\/\/bergen.katolsk.no\/index.php?rest_route=%2Fwp%2Fv2%2Fmedia&parent=29118"}],"wp:term":[{"taxonomy":"category","embeddable":true,"href":"https:\/\/bergen.katolsk.no\/index.php?rest_route=%2Fwp%2Fv2%2Fcategories&post=29118"},{"taxonomy":"post_tag","embeddable":true,"href":"https:\/\/bergen.katolsk.no\/index.php?rest_route=%2Fwp%2Fv2%2Ftags&post=29118"}],"curies":[{"name":"wp","href":"https:\/\/api.w.org\/{rel}","templated":true}]}}