{"id":29120,"date":"2025-05-09T15:20:22","date_gmt":"2025-05-09T15:20:22","guid":{"rendered":"https:\/\/bergen.katolsk.no\/?p=29120"},"modified":"2025-05-16T18:25:18","modified_gmt":"2025-05-16T18:25:18","slug":"ogloszenia-parafialne-niedziela-11-maja-2025","status":"publish","type":"post","link":"https:\/\/bergen.katolsk.no\/?p=29120","title":{"rendered":"OG\u0141OSZENIA PARAFIALNE niedziela 11 maja 2025"},"content":{"rendered":"\n<p>&#8211; We wtorek 13 maja \u015bwi\u0119to Matki Bo\u017cej Fatimskiej. Zapraszamy na film o objawieniach godz 16.00 w audytorium. O 17.45 procesja w ko\u015bciele, o 18.00 r\u00f3\u017caniec i adoracja a o 19.00 Msza Swi\u0119ta. Po&nbsp; czym zapraszamy na kaw\u0119 w pokoju nauczycielskim.<\/p>\n\n\n\n<p>&#8211; &nbsp;W dniach 17z-24 wrze\u015bnia zapraszamy na rekolekcje formacyjne Katechezy Dobrego Pasterza dla doros\u0142ych. Szczeg\u00f3lna uwaga na dzieci 0 \u2013 3 lat, Wi\u0119cej informacji na plakacie. Zg\u0142oszenia przed wakacjami.<\/p>\n\n\n\n<p>&#8211; Rozpoczynaj\u0105 si\u0119 zapisy dzieci i m\u0142odzie\u017cy na katechez\u0119 w przysz\u0142ym roku szkolnym.<\/p>\n\n\n\n<p>&#8211; Z ty\u0142u ko\u015bcio\u0142a mo\u017cna kupi\u0107 \u015bwiece Dobrego Pasterza. Doch\u00f3d przeznaczony na potrzeby parafii.<\/p>\n\n\n\n<p>&#8211; Taca zbierana w niedziel\u0119 Dobrego Pasterza . tj. 11&amp;5\u00a0 preznaczona jest na potrzeby Seminarium Duchownego S Eysteina w Oslo.<\/p>\n\n\n\n<p>Po Sumie o godz 11ej zapraszamy na kaw\u0119 do Krypty<\/p>\n","protected":false},"excerpt":{"rendered":"<p>&#8211; We wtorek 13 maja \u015bwi\u0119to Matki Bo\u017cej Fatimskiej. Zapraszamy na film o objawieniach godz 16.00 w audytorium. O 17.45<\/p>\n","protected":false},"author":3,"featured_media":0,"comment_status":"closed","ping_status":"closed","sticky":false,"template":"","format":"standard","meta":{"colormag_page_container_layout":"default_layout","colormag_page_sidebar_layout":"default_layout","_exactmetrics_skip_tracking":false,"_exactmetrics_sitenote_active":false,"_exactmetrics_sitenote_note":"","_exactmetrics_sitenote_category":0,"footnotes":""},"categories":[5],"tags":[],"class_list":["post-29120","post","type-post","status-publish","format-standard","hentry","category-polski"],"_links":{"self":[{"href":"https:\/\/bergen.katolsk.no\/index.php?rest_route=\/wp\/v2\/posts\/29120","targetHints":{"allow":["GET"]}}],"collection":[{"href":"https:\/\/bergen.katolsk.no\/index.php?rest_route=\/wp\/v2\/posts"}],"about":[{"href":"https:\/\/bergen.katolsk.no\/index.php?rest_route=\/wp\/v2\/types\/post"}],"author":[{"embeddable":true,"href":"https:\/\/bergen.katolsk.no\/index.php?rest_route=\/wp\/v2\/users\/3"}],"replies":[{"embeddable":true,"href":"https:\/\/bergen.katolsk.no\/index.php?rest_route=%2Fwp%2Fv2%2Fcomments&post=29120"}],"version-history":[{"count":3,"href":"https:\/\/bergen.katolsk.no\/index.php?rest_route=\/wp\/v2\/posts\/29120\/revisions"}],"predecessor-version":[{"id":29150,"href":"https:\/\/bergen.katolsk.no\/index.php?rest_route=\/wp\/v2\/posts\/29120\/revisions\/29150"}],"wp:attachment":[{"href":"https:\/\/bergen.katolsk.no\/index.php?rest_route=%2Fwp%2Fv2%2Fmedia&parent=29120"}],"wp:term":[{"taxonomy":"category","embeddable":true,"href":"https:\/\/bergen.katolsk.no\/index.php?rest_route=%2Fwp%2Fv2%2Fcategories&post=29120"},{"taxonomy":"post_tag","embeddable":true,"href":"https:\/\/bergen.katolsk.no\/index.php?rest_route=%2Fwp%2Fv2%2Ftags&post=29120"}],"curies":[{"name":"wp","href":"https:\/\/api.w.org\/{rel}","templated":true}]}}