{"id":29145,"date":"2025-05-16T13:50:39","date_gmt":"2025-05-16T13:50:39","guid":{"rendered":"https:\/\/bergen.katolsk.no\/?p=29145"},"modified":"2025-05-19T12:10:21","modified_gmt":"2025-05-19T12:10:21","slug":"kunngjoringer-sondag-18-mai-2025","status":"publish","type":"post","link":"https:\/\/bergen.katolsk.no\/?p=29145","title":{"rendered":"KUNNGJ\u00d8RINGER S\u00d8NDAG 18. MAI 2025"},"content":{"rendered":"\n<figure class=\"wp-block-image size-full\"><a href=\"https:\/\/bergen.katolsk.no\/wp-content\/uploads\/2025\/01\/St.-paul-Kirke2.jpg\"><img loading=\"lazy\" decoding=\"async\" width=\"425\" height=\"640\" src=\"https:\/\/bergen.katolsk.no\/wp-content\/uploads\/2025\/01\/St.-paul-Kirke2.jpg\" alt=\"\" class=\"wp-image-28572\" srcset=\"https:\/\/bergen.katolsk.no\/wp-content\/uploads\/2025\/01\/St.-paul-Kirke2.jpg 425w, https:\/\/bergen.katolsk.no\/wp-content\/uploads\/2025\/01\/St.-paul-Kirke2-199x300.jpg 199w\" sizes=\"auto, (max-width: 425px) 100vw, 425px\" \/><\/a><\/figure>\n\n\n\n<p><\/p>\n\n\n\n<p>&#8211; Det er n\u00e5 tid for \u00e5 melde p\u00e5 barn og ungdom i alle aldre til h\u00f8stens katekese. S\u00e6rlig minner vi om p\u00e5melding for dem som etter sommeren starter i 2. og 8. klasse at de melder seg p\u00e5 F\u00f8rste-Kommunions- og Konfirmasjons-katekesen.<\/p>\n\n\n\n<p>&#8211; Menigheten inviterer alle til utflukt p\u00e5 Kristi Himmel-fartsdag, 29. mai etter messen p\u00e5 Marias Minde kl.&nbsp;10. Ta med egen grillmat og drikke. Det blir ogs\u00e5 lek, ballspill og aktiviteter.<\/p>\n\n\n\n<p>&#8211; Vi informerer om valfarten til Selja i forbindelse med jubel\u00e5ret 5.-8. juli 2025. Program for valfarten ligger bak i kirken og p\u00e5 hjemmesiden. St. Paul menighet arrangerer ingen felles pilegrimsreise til Selja, men oppfordrer til deltakelse. Si gjerne ifra til menighetskontoret hvis du planlegger \u00e5 reise med bil og har ledig plass. Da kan vi evt. organisere samkj\u00f8ring.<\/p>\n\n\n\n<p>&#8211; 19.-24. september p\u00e5 Marias Minde arrangeres f\u00f8rste del av en formasjonsretrett i Den Gode Hyrde-katekese for voksne, med fokus p\u00e5 barn 0-3 \u00e5r. Se plakat for mer informasjon.\u00a0 P\u00e5meldingsfrist f\u00f8r sommerferien.<\/p>\n\n\n\n<p>&#8211; Vi takker alle ministranter for trofast tjeneste ved alteret, og vi inviterer alle f\u00f8rstekommunionsbarn og andre unge til \u00e5 bli med i ministrantlaget. H\u00f8ytidelig mottakelse av nye ministranter blir neste s\u00f8ndag, 25. mai kl. 11. Oppm\u00f8te i sakristiet kl. 10.30.<\/p>\n\n\n\n<p>&#8212;&#8212;&#8212;&#8212;&#8212;&#8212;&#8212;&#8212;&#8212;&#8212;&#8212;&#8212;&#8212;&#8212;&#8212;&#8212;&#8212;&#8212;&#8212;&#8212;&#8212;&#8212;&#8212;<\/p>\n\n\n\n<p><em>Etter h\u00f8ymessen<\/em> er alle hjertelig velkommen til kirkekaffe i Krypten.<br><\/p>\n","protected":false},"excerpt":{"rendered":"<p>&#8211; Det er n\u00e5 tid for \u00e5 melde p\u00e5 barn og ungdom i alle aldre til h\u00f8stens katekese. S\u00e6rlig minner<\/p>\n","protected":false},"author":12,"featured_media":0,"comment_status":"closed","ping_status":"closed","sticky":false,"template":"","format":"standard","meta":{"colormag_page_container_layout":"default_layout","colormag_page_sidebar_layout":"default_layout","_exactmetrics_skip_tracking":false,"_exactmetrics_sitenote_active":false,"_exactmetrics_sitenote_note":"","_exactmetrics_sitenote_category":0,"footnotes":""},"categories":[4],"tags":[],"class_list":["post-29145","post","type-post","status-publish","format-standard","hentry","category-kunngjoring"],"_links":{"self":[{"href":"https:\/\/bergen.katolsk.no\/index.php?rest_route=\/wp\/v2\/posts\/29145","targetHints":{"allow":["GET"]}}],"collection":[{"href":"https:\/\/bergen.katolsk.no\/index.php?rest_route=\/wp\/v2\/posts"}],"about":[{"href":"https:\/\/bergen.katolsk.no\/index.php?rest_route=\/wp\/v2\/types\/post"}],"author":[{"embeddable":true,"href":"https:\/\/bergen.katolsk.no\/index.php?rest_route=\/wp\/v2\/users\/12"}],"replies":[{"embeddable":true,"href":"https:\/\/bergen.katolsk.no\/index.php?rest_route=%2Fwp%2Fv2%2Fcomments&post=29145"}],"version-history":[{"count":2,"href":"https:\/\/bergen.katolsk.no\/index.php?rest_route=\/wp\/v2\/posts\/29145\/revisions"}],"predecessor-version":[{"id":29161,"href":"https:\/\/bergen.katolsk.no\/index.php?rest_route=\/wp\/v2\/posts\/29145\/revisions\/29161"}],"wp:attachment":[{"href":"https:\/\/bergen.katolsk.no\/index.php?rest_route=%2Fwp%2Fv2%2Fmedia&parent=29145"}],"wp:term":[{"taxonomy":"category","embeddable":true,"href":"https:\/\/bergen.katolsk.no\/index.php?rest_route=%2Fwp%2Fv2%2Fcategories&post=29145"},{"taxonomy":"post_tag","embeddable":true,"href":"https:\/\/bergen.katolsk.no\/index.php?rest_route=%2Fwp%2Fv2%2Ftags&post=29145"}],"curies":[{"name":"wp","href":"https:\/\/api.w.org\/{rel}","templated":true}]}}