{"id":29151,"date":"2025-05-16T18:40:27","date_gmt":"2025-05-16T18:40:27","guid":{"rendered":"https:\/\/bergen.katolsk.no\/?p=29151"},"modified":"2025-05-16T18:40:28","modified_gmt":"2025-05-16T18:40:28","slug":"ogloszenia-parafialne-niedziela-18-maja-2025","status":"publish","type":"post","link":"https:\/\/bergen.katolsk.no\/?p=29151","title":{"rendered":"OG\u0141OSZENIA PARAFIALNE niedziela 18 maja 2025"},"content":{"rendered":"\n<p>Rozpoczynaj\u0105 si\u0119 zapisy dzieci i m\u0142odzie\u017cy na katechez\u0119 w przysz\u0142ym roku szkolnym: drugoklasi\u015bci rozpoczynaj\u0105 przygotowanie do Pierwszej Komunii a o\u015bmioklasisci do Bierzmowania.<\/p>\n\n\n\n<p>Parafia zaprasza na piknik 29 maja -Wiebowst\u0105pienie &#8211; &nbsp;po MSz \u015awi\u0119tej na Marias mInde o godz 10.00. Prosimy o przyniesienie jedzenia na grill &nbsp;i napoj\u00f3w. B\u0119d\u0105 tak\u017ce zabawy i gra w pi\u0142k\u0119<\/p>\n\n\n\n<p>Pelgrzymka do Selja w roku jubileuszwym odb\u0119dzie sie w dniach 5 &#8211; 8 lipca. Proeam wy\u0142o\u017cony jest z ty\u0142u ko\u015bcio\u0142a i na stronie internetowej parafii. Nasza parafi nie organizuje eosobnej pielgrzymki ale zach\u0119camy parafian do wzi\u0119cia udzia\u0142u. Osoby kt\u00f3re zamieraj\u0105 jecha\u0107 i maja wolne miejsce samochodem &nbsp;prodzone s\u0105 o zg\u0142oszenie w biurze parafialnym.<\/p>\n\n\n\n<p>W dniach 17-24 wrze\u015bnia zapraszamy na rekolekcje formacyjne Katechezy Dobrego Pasterza dla doros\u0142ych. Szczeg\u00f3lna uwaga na dzieci 0 \u2013 3 lat, Wi\u0119cej informacji na plakacie. Zg\u0142oszenia przed wakacjami.<\/p>\n\n\n\n<p>&#8211; Dziekujemy wszystkim ministrantom za ofirn s\u0142u\u017cb\u0119 i zapraszamay wszystki zieci kt\u00f3re przyst\u0105pi\u0142y w tym roku, lub wcze\u015bniej, do pierwszej Komunii do przyst\u0105pienia do grupy ministrant\u00f3w. Uroczyste przyjecie do grona ministrant ow b\u0119dzie niedziele 25 maja o godz 11.00. Spotykamy si\u0119 w zakrystii o 10.30. <\/p>\n\n\n\n<p>Po sumie o godz 11.00 zapraszamay na kaw\u0119 do Krypty,<\/p>\n","protected":false},"excerpt":{"rendered":"<p>Rozpoczynaj\u0105 si\u0119 zapisy dzieci i m\u0142odzie\u017cy na katechez\u0119 w przysz\u0142ym roku szkolnym: drugoklasi\u015bci rozpoczynaj\u0105 przygotowanie do Pierwszej Komunii a o\u015bmioklasisci<\/p>\n","protected":false},"author":3,"featured_media":0,"comment_status":"closed","ping_status":"closed","sticky":false,"template":"","format":"standard","meta":{"colormag_page_container_layout":"default_layout","colormag_page_sidebar_layout":"default_layout","_exactmetrics_skip_tracking":false,"_exactmetrics_sitenote_active":false,"_exactmetrics_sitenote_note":"","_exactmetrics_sitenote_category":0,"footnotes":""},"categories":[5],"tags":[],"class_list":["post-29151","post","type-post","status-publish","format-standard","hentry","category-polski"],"_links":{"self":[{"href":"https:\/\/bergen.katolsk.no\/index.php?rest_route=\/wp\/v2\/posts\/29151","targetHints":{"allow":["GET"]}}],"collection":[{"href":"https:\/\/bergen.katolsk.no\/index.php?rest_route=\/wp\/v2\/posts"}],"about":[{"href":"https:\/\/bergen.katolsk.no\/index.php?rest_route=\/wp\/v2\/types\/post"}],"author":[{"embeddable":true,"href":"https:\/\/bergen.katolsk.no\/index.php?rest_route=\/wp\/v2\/users\/3"}],"replies":[{"embeddable":true,"href":"https:\/\/bergen.katolsk.no\/index.php?rest_route=%2Fwp%2Fv2%2Fcomments&post=29151"}],"version-history":[{"count":1,"href":"https:\/\/bergen.katolsk.no\/index.php?rest_route=\/wp\/v2\/posts\/29151\/revisions"}],"predecessor-version":[{"id":29152,"href":"https:\/\/bergen.katolsk.no\/index.php?rest_route=\/wp\/v2\/posts\/29151\/revisions\/29152"}],"wp:attachment":[{"href":"https:\/\/bergen.katolsk.no\/index.php?rest_route=%2Fwp%2Fv2%2Fmedia&parent=29151"}],"wp:term":[{"taxonomy":"category","embeddable":true,"href":"https:\/\/bergen.katolsk.no\/index.php?rest_route=%2Fwp%2Fv2%2Fcategories&post=29151"},{"taxonomy":"post_tag","embeddable":true,"href":"https:\/\/bergen.katolsk.no\/index.php?rest_route=%2Fwp%2Fv2%2Ftags&post=29151"}],"curies":[{"name":"wp","href":"https:\/\/api.w.org\/{rel}","templated":true}]}}