{"id":29216,"date":"2025-06-13T13:32:57","date_gmt":"2025-06-13T13:32:57","guid":{"rendered":"https:\/\/bergen.katolsk.no\/?p=29216"},"modified":"2025-06-13T13:33:22","modified_gmt":"2025-06-13T13:33:22","slug":"kunngjoringer-sondag-15-juni-2025","status":"publish","type":"post","link":"https:\/\/bergen.katolsk.no\/?p=29216","title":{"rendered":"KUNNGJ\u00d8RINGER S\u00d8NDAG 15. JUNI 2025"},"content":{"rendered":"\n<figure class=\"wp-block-image size-full\"><a href=\"https:\/\/bergen.katolsk.no\/wp-content\/uploads\/2025\/01\/St.-paul-Kirke2.jpg\"><img loading=\"lazy\" decoding=\"async\" width=\"425\" height=\"640\" src=\"https:\/\/bergen.katolsk.no\/wp-content\/uploads\/2025\/01\/St.-paul-Kirke2.jpg\" alt=\"\" class=\"wp-image-28572\" srcset=\"https:\/\/bergen.katolsk.no\/wp-content\/uploads\/2025\/01\/St.-paul-Kirke2.jpg 425w, https:\/\/bergen.katolsk.no\/wp-content\/uploads\/2025\/01\/St.-paul-Kirke2-199x300.jpg 199w\" sizes=\"auto, (max-width: 425px) 100vw, 425px\" \/><\/a><\/figure>\n\n\n\n<p><\/p>\n\n\n\n<p>&#8211; Etter h\u00f8ymessen i dag (s\u00f8ndag, 15. juni) er det informasjonsm\u00f8te for nye konfirmanter og foreldre p\u00e5 skolens auditorium.<\/p>\n\n\n\n<p>&#8211; Unge voksne er hjertelig velkomne til ogs\u00e5 \u00e5 treffes i dag (s\u00f8ndag, 15.06.) etter h\u00f8ymessen; kl. 12-16 p\u00e5 m\u00f8terommet (4. etg.) i Presteg\u00e5rden.<\/p>\n\n\n\n<p>&#8211; Menighetskontoret har etterhvert f\u00e5tt levert inn noen verdifulle, gjenglemte ting, bl. en Iphone med et deksel av brunt l\u00e6r, et gullkors med en relikvie og et Tesla-kort. Savner du noe av dette, s\u00e5 kom gjerne og hent det.<\/p>\n\n\n\n<p>&#8211; Caritas s\u00f8ker medarbeidere i sommer som kan avse litt tid noen onsdager til barn og unge p\u00e5 asylmottak. Vi s\u00f8ker noen som kan delta p\u00e5 utflukter til museum, konserter etc. Se plakat bak og utenfor kirken.<\/p>\n\n\n\n<p><br>&#8212;&#8212;&#8212;&#8212;&#8212;&#8212;&#8212;&#8212;&#8212;&#8212;&#8212;&#8212;&#8212;&#8212;&#8212;&#8212;&#8212;&#8212;&#8212;&#8212;&#8212;&#8212;&#8212;<\/p>\n\n\n\n<p><em>Det er INGEN kirkekaffe i krypten etter h\u00f8ymessen.<\/em><\/p>\n","protected":false},"excerpt":{"rendered":"<p>&#8211; Etter h\u00f8ymessen i dag (s\u00f8ndag, 15. juni) er det informasjonsm\u00f8te for nye konfirmanter og foreldre p\u00e5 skolens auditorium. &#8211;<\/p>\n","protected":false},"author":12,"featured_media":0,"comment_status":"closed","ping_status":"closed","sticky":false,"template":"","format":"standard","meta":{"colormag_page_container_layout":"default_layout","colormag_page_sidebar_layout":"default_layout","_exactmetrics_skip_tracking":false,"_exactmetrics_sitenote_active":false,"_exactmetrics_sitenote_note":"","_exactmetrics_sitenote_category":0,"footnotes":""},"categories":[4],"tags":[],"class_list":["post-29216","post","type-post","status-publish","format-standard","hentry","category-kunngjoring"],"_links":{"self":[{"href":"https:\/\/bergen.katolsk.no\/index.php?rest_route=\/wp\/v2\/posts\/29216","targetHints":{"allow":["GET"]}}],"collection":[{"href":"https:\/\/bergen.katolsk.no\/index.php?rest_route=\/wp\/v2\/posts"}],"about":[{"href":"https:\/\/bergen.katolsk.no\/index.php?rest_route=\/wp\/v2\/types\/post"}],"author":[{"embeddable":true,"href":"https:\/\/bergen.katolsk.no\/index.php?rest_route=\/wp\/v2\/users\/12"}],"replies":[{"embeddable":true,"href":"https:\/\/bergen.katolsk.no\/index.php?rest_route=%2Fwp%2Fv2%2Fcomments&post=29216"}],"version-history":[{"count":3,"href":"https:\/\/bergen.katolsk.no\/index.php?rest_route=\/wp\/v2\/posts\/29216\/revisions"}],"predecessor-version":[{"id":29230,"href":"https:\/\/bergen.katolsk.no\/index.php?rest_route=\/wp\/v2\/posts\/29216\/revisions\/29230"}],"wp:attachment":[{"href":"https:\/\/bergen.katolsk.no\/index.php?rest_route=%2Fwp%2Fv2%2Fmedia&parent=29216"}],"wp:term":[{"taxonomy":"category","embeddable":true,"href":"https:\/\/bergen.katolsk.no\/index.php?rest_route=%2Fwp%2Fv2%2Fcategories&post=29216"},{"taxonomy":"post_tag","embeddable":true,"href":"https:\/\/bergen.katolsk.no\/index.php?rest_route=%2Fwp%2Fv2%2Ftags&post=29216"}],"curies":[{"name":"wp","href":"https:\/\/api.w.org\/{rel}","templated":true}]}}