{"id":29232,"date":"2025-06-16T10:07:45","date_gmt":"2025-06-16T10:07:45","guid":{"rendered":"https:\/\/bergen.katolsk.no\/?p=29232"},"modified":"2025-06-16T10:07:45","modified_gmt":"2025-06-16T10:07:45","slug":"biskop-bernt-eidsvigs-besok-i-menigheten","status":"publish","type":"post","link":"https:\/\/bergen.katolsk.no\/?p=29232","title":{"rendered":"Biskop Bernt Eidsvigs bes\u00f8k i menigheten"},"content":{"rendered":"\n<figure class=\"wp-block-image size-full\"><a href=\"https:\/\/bergen.katolsk.no\/wp-content\/uploads\/2025\/06\/tn_20250615_114431q.jpg\"><img loading=\"lazy\" decoding=\"async\" width=\"685\" height=\"266\" src=\"https:\/\/bergen.katolsk.no\/wp-content\/uploads\/2025\/06\/tn_20250615_114431q.jpg\" alt=\"\" class=\"wp-image-29234\" srcset=\"https:\/\/bergen.katolsk.no\/wp-content\/uploads\/2025\/06\/tn_20250615_114431q.jpg 685w, https:\/\/bergen.katolsk.no\/wp-content\/uploads\/2025\/06\/tn_20250615_114431q-300x116.jpg 300w\" sizes=\"auto, (max-width: 685px) 100vw, 685px\" \/><\/a><\/figure>\n\n\n\n<p>S\u00f8ndag 15. juni kom biskop Eidsvig til v\u00e5r menighet for \u00e5 feire messe og \u00e5 ta avskjed. N\u00e5r han om ikke s\u00e5 lenge flytter tilbake til Klosterneuburg s\u00e5 kommer han ikke til Bergen igjen, i hvert fall ikke som ordinarius. Det var her i v\u00e5r menighet at biskop Bernt tjente som kapellan og senere som sogneprest, og det er fra St. Paul at han reiste i 1991 til Klosterneuburg. Det er mange gode minner fra denne tid og det fortalte biskopen om i sin preken og det var ogs\u00e5 nevnt av flere under kirkekaffe p\u00e5 skolens personalrom.<\/p>\n\n\n\n<p>Menighetsmedlemmer takket biskopen for hans arbeid for katolikker i Norge og s\u00e6rlig for oss i St. Paul. Flere representanter for gruppene takket for hans forst\u00e5else for hvor viktig det er \u00e5 ha mulighet \u00e5 feire liturgien p\u00e5 eget spr\u00e5k og for at han s\u00f8rget for at nasjonal sjelesorg fungerer. Han ble ogs\u00e5 takket for en ikke-byr\u00e5kratisk arbeidsstil, for hans innsats for de katolske skolene i Bergen og ikke minst for den kunstneriske utsmykningen av v\u00e5r kirke. Han klarte mye som sogneprest og senere som biskop til tross for utfordringene som han ikke ble spart for.<\/p>\n\n\n\n<p>Det var gledelig \u00e5 ha biskopen blant oss og vemodig \u00e5 tenke at han skal forlate Norge.<\/p>\n\n\n\n<p>Men Klosterneuburg er ikke p\u00e5 den andre siden av kloden og biskopen oppfordret oss til ikke \u00e5 glemme det. Vi skal fortsatt be for ham b\u00e5de i dag og n\u00e5r han flytter til \u00d8sterrike, og, hvem vet, kanskje en tur dit kan planlegges?<\/p>\n\n\n\n<figure class=\"wp-block-image size-full\"><a href=\"https:\/\/bergen.katolsk.no\/wp-content\/uploads\/2025\/06\/tn_20250615_112305-rotated.jpg\"><img loading=\"lazy\" decoding=\"async\" width=\"750\" height=\"1000\" src=\"https:\/\/bergen.katolsk.no\/wp-content\/uploads\/2025\/06\/tn_20250615_112305-rotated.jpg\" alt=\"\" class=\"wp-image-29227\" srcset=\"https:\/\/bergen.katolsk.no\/wp-content\/uploads\/2025\/06\/tn_20250615_112305-rotated.jpg 750w, https:\/\/bergen.katolsk.no\/wp-content\/uploads\/2025\/06\/tn_20250615_112305-225x300.jpg 225w\" sizes=\"auto, (max-width: 750px) 100vw, 750px\" \/><\/a><\/figure>\n\n\n\n<div style=\"height:23px\" aria-hidden=\"true\" class=\"wp-block-spacer\"><\/div>\n\n\n\n<figure class=\"wp-block-image size-full\"><a href=\"https:\/\/bergen.katolsk.no\/wp-content\/uploads\/2025\/06\/tn_20250615_112731-rotated.jpg\"><img loading=\"lazy\" decoding=\"async\" width=\"750\" height=\"1000\" src=\"https:\/\/bergen.katolsk.no\/wp-content\/uploads\/2025\/06\/tn_20250615_112731-rotated.jpg\" alt=\"\" class=\"wp-image-29228\" srcset=\"https:\/\/bergen.katolsk.no\/wp-content\/uploads\/2025\/06\/tn_20250615_112731-rotated.jpg 750w, https:\/\/bergen.katolsk.no\/wp-content\/uploads\/2025\/06\/tn_20250615_112731-225x300.jpg 225w\" sizes=\"auto, (max-width: 750px) 100vw, 750px\" \/><\/a><\/figure>\n\n\n\n<div style=\"height:23px\" aria-hidden=\"true\" class=\"wp-block-spacer\"><\/div>\n\n\n\n<figure class=\"wp-block-image size-full\"><a href=\"https:\/\/bergen.katolsk.no\/wp-content\/uploads\/2025\/06\/tn_20250615_114431.jpg\"><img loading=\"lazy\" decoding=\"async\" width=\"1000\" height=\"750\" src=\"https:\/\/bergen.katolsk.no\/wp-content\/uploads\/2025\/06\/tn_20250615_114431.jpg\" alt=\"\" class=\"wp-image-29229\" srcset=\"https:\/\/bergen.katolsk.no\/wp-content\/uploads\/2025\/06\/tn_20250615_114431.jpg 1000w, https:\/\/bergen.katolsk.no\/wp-content\/uploads\/2025\/06\/tn_20250615_114431-300x225.jpg 300w, https:\/\/bergen.katolsk.no\/wp-content\/uploads\/2025\/06\/tn_20250615_114431-768x576.jpg 768w, https:\/\/bergen.katolsk.no\/wp-content\/uploads\/2025\/06\/tn_20250615_114431-956x717.jpg 956w\" sizes=\"auto, (max-width: 1000px) 100vw, 1000px\" \/><\/a><\/figure>\n\n\n\n<div style=\"height:23px\" aria-hidden=\"true\" class=\"wp-block-spacer\"><\/div>\n\n\n\n<figure class=\"wp-block-image size-full\"><a href=\"https:\/\/bergen.katolsk.no\/wp-content\/uploads\/2025\/06\/tn_20250615_115818-rotated.jpg\"><img loading=\"lazy\" decoding=\"async\" width=\"750\" height=\"1000\" src=\"https:\/\/bergen.katolsk.no\/wp-content\/uploads\/2025\/06\/tn_20250615_115818-rotated.jpg\" alt=\"\" class=\"wp-image-29220\" srcset=\"https:\/\/bergen.katolsk.no\/wp-content\/uploads\/2025\/06\/tn_20250615_115818-rotated.jpg 750w, https:\/\/bergen.katolsk.no\/wp-content\/uploads\/2025\/06\/tn_20250615_115818-225x300.jpg 225w\" sizes=\"auto, (max-width: 750px) 100vw, 750px\" \/><\/a><\/figure>\n\n\n\n<div style=\"height:23px\" aria-hidden=\"true\" class=\"wp-block-spacer\"><\/div>\n\n\n\n<figure class=\"wp-block-image size-full\"><a href=\"https:\/\/bergen.katolsk.no\/wp-content\/uploads\/2025\/06\/tn_20250615_120547.jpg\"><img loading=\"lazy\" decoding=\"async\" width=\"1000\" height=\"750\" src=\"https:\/\/bergen.katolsk.no\/wp-content\/uploads\/2025\/06\/tn_20250615_120547.jpg\" alt=\"\" class=\"wp-image-29221\" srcset=\"https:\/\/bergen.katolsk.no\/wp-content\/uploads\/2025\/06\/tn_20250615_120547.jpg 1000w, https:\/\/bergen.katolsk.no\/wp-content\/uploads\/2025\/06\/tn_20250615_120547-300x225.jpg 300w, https:\/\/bergen.katolsk.no\/wp-content\/uploads\/2025\/06\/tn_20250615_120547-768x576.jpg 768w, https:\/\/bergen.katolsk.no\/wp-content\/uploads\/2025\/06\/tn_20250615_120547-956x717.jpg 956w\" sizes=\"auto, (max-width: 1000px) 100vw, 1000px\" \/><\/a><\/figure>\n\n\n\n<div style=\"height:23px\" aria-hidden=\"true\" class=\"wp-block-spacer\"><\/div>\n\n\n\n<figure class=\"wp-block-image size-full\"><a href=\"https:\/\/bergen.katolsk.no\/wp-content\/uploads\/2025\/06\/tn_20250615_112731-rotated.jpg\"><img loading=\"lazy\" decoding=\"async\" width=\"750\" height=\"1000\" src=\"https:\/\/bergen.katolsk.no\/wp-content\/uploads\/2025\/06\/tn_20250615_112731-rotated.jpg\" alt=\"\" class=\"wp-image-29228\" srcset=\"https:\/\/bergen.katolsk.no\/wp-content\/uploads\/2025\/06\/tn_20250615_112731-rotated.jpg 750w, https:\/\/bergen.katolsk.no\/wp-content\/uploads\/2025\/06\/tn_20250615_112731-225x300.jpg 225w\" sizes=\"auto, (max-width: 750px) 100vw, 750px\" \/><\/a><\/figure>\n\n\n\n<div style=\"height:23px\" aria-hidden=\"true\" class=\"wp-block-spacer\"><\/div>\n\n\n\n<figure class=\"wp-block-image size-full\"><a href=\"https:\/\/bergen.katolsk.no\/wp-content\/uploads\/2025\/06\/tn_20250615_135530.jpg\"><img loading=\"lazy\" decoding=\"async\" width=\"1000\" height=\"750\" src=\"https:\/\/bergen.katolsk.no\/wp-content\/uploads\/2025\/06\/tn_20250615_135530.jpg\" alt=\"\" class=\"wp-image-29226\" srcset=\"https:\/\/bergen.katolsk.no\/wp-content\/uploads\/2025\/06\/tn_20250615_135530.jpg 1000w, https:\/\/bergen.katolsk.no\/wp-content\/uploads\/2025\/06\/tn_20250615_135530-300x225.jpg 300w, https:\/\/bergen.katolsk.no\/wp-content\/uploads\/2025\/06\/tn_20250615_135530-768x576.jpg 768w, https:\/\/bergen.katolsk.no\/wp-content\/uploads\/2025\/06\/tn_20250615_135530-956x717.jpg 956w\" sizes=\"auto, (max-width: 1000px) 100vw, 1000px\" \/><\/a><\/figure>\n\n\n\n<div style=\"height:23px\" aria-hidden=\"true\" class=\"wp-block-spacer\"><\/div>\n\n\n\n<figure class=\"wp-block-image size-full\"><a href=\"https:\/\/bergen.katolsk.no\/wp-content\/uploads\/2025\/06\/tn_20250615_131027.jpg\"><img loading=\"lazy\" decoding=\"async\" width=\"1000\" height=\"750\" src=\"https:\/\/bergen.katolsk.no\/wp-content\/uploads\/2025\/06\/tn_20250615_131027.jpg\" alt=\"\" class=\"wp-image-29223\" srcset=\"https:\/\/bergen.katolsk.no\/wp-content\/uploads\/2025\/06\/tn_20250615_131027.jpg 1000w, https:\/\/bergen.katolsk.no\/wp-content\/uploads\/2025\/06\/tn_20250615_131027-300x225.jpg 300w, https:\/\/bergen.katolsk.no\/wp-content\/uploads\/2025\/06\/tn_20250615_131027-768x576.jpg 768w, https:\/\/bergen.katolsk.no\/wp-content\/uploads\/2025\/06\/tn_20250615_131027-956x717.jpg 956w\" sizes=\"auto, (max-width: 1000px) 100vw, 1000px\" \/><\/a><\/figure>\n\n\n\n<div style=\"height:23px\" aria-hidden=\"true\" class=\"wp-block-spacer\"><\/div>\n\n\n\n<figure class=\"wp-block-image size-full\"><a href=\"https:\/\/bergen.katolsk.no\/wp-content\/uploads\/2025\/06\/tn_20250615_133556.jpg\"><img loading=\"lazy\" decoding=\"async\" width=\"1000\" height=\"750\" src=\"https:\/\/bergen.katolsk.no\/wp-content\/uploads\/2025\/06\/tn_20250615_133556.jpg\" alt=\"\" class=\"wp-image-29225\" srcset=\"https:\/\/bergen.katolsk.no\/wp-content\/uploads\/2025\/06\/tn_20250615_133556.jpg 1000w, https:\/\/bergen.katolsk.no\/wp-content\/uploads\/2025\/06\/tn_20250615_133556-300x225.jpg 300w, https:\/\/bergen.katolsk.no\/wp-content\/uploads\/2025\/06\/tn_20250615_133556-768x576.jpg 768w, https:\/\/bergen.katolsk.no\/wp-content\/uploads\/2025\/06\/tn_20250615_133556-956x717.jpg 956w\" sizes=\"auto, (max-width: 1000px) 100vw, 1000px\" \/><\/a><\/figure>\n\n\n\n<div style=\"height:23px\" aria-hidden=\"true\" class=\"wp-block-spacer\"><\/div>\n\n\n\n<figure class=\"wp-block-image size-full\"><a href=\"https:\/\/bergen.katolsk.no\/wp-content\/uploads\/2025\/06\/tn_20250615_131101-rotated.jpg\"><img loading=\"lazy\" decoding=\"async\" width=\"750\" height=\"1000\" src=\"https:\/\/bergen.katolsk.no\/wp-content\/uploads\/2025\/06\/tn_20250615_131101-rotated.jpg\" alt=\"\" class=\"wp-image-29224\" srcset=\"https:\/\/bergen.katolsk.no\/wp-content\/uploads\/2025\/06\/tn_20250615_131101-rotated.jpg 750w, https:\/\/bergen.katolsk.no\/wp-content\/uploads\/2025\/06\/tn_20250615_131101-225x300.jpg 225w\" sizes=\"auto, (max-width: 750px) 100vw, 750px\" \/><\/a><\/figure>\n","protected":false},"excerpt":{"rendered":"<p>S\u00f8ndag 15. juni kom biskop Eidsvig til v\u00e5r menighet for \u00e5 feire messe og \u00e5 ta avskjed. N\u00e5r han om<\/p>\n","protected":false},"author":3,"featured_media":0,"comment_status":"closed","ping_status":"closed","sticky":false,"template":"","format":"standard","meta":{"colormag_page_container_layout":"default_layout","colormag_page_sidebar_layout":"default_layout","_exactmetrics_skip_tracking":false,"_exactmetrics_sitenote_active":false,"_exactmetrics_sitenote_note":"","_exactmetrics_sitenote_category":0,"footnotes":""},"categories":[1],"tags":[],"class_list":["post-29232","post","type-post","status-publish","format-standard","hentry","category-aktuelt"],"_links":{"self":[{"href":"https:\/\/bergen.katolsk.no\/index.php?rest_route=\/wp\/v2\/posts\/29232","targetHints":{"allow":["GET"]}}],"collection":[{"href":"https:\/\/bergen.katolsk.no\/index.php?rest_route=\/wp\/v2\/posts"}],"about":[{"href":"https:\/\/bergen.katolsk.no\/index.php?rest_route=\/wp\/v2\/types\/post"}],"author":[{"embeddable":true,"href":"https:\/\/bergen.katolsk.no\/index.php?rest_route=\/wp\/v2\/users\/3"}],"replies":[{"embeddable":true,"href":"https:\/\/bergen.katolsk.no\/index.php?rest_route=%2Fwp%2Fv2%2Fcomments&post=29232"}],"version-history":[{"count":5,"href":"https:\/\/bergen.katolsk.no\/index.php?rest_route=\/wp\/v2\/posts\/29232\/revisions"}],"predecessor-version":[{"id":29249,"href":"https:\/\/bergen.katolsk.no\/index.php?rest_route=\/wp\/v2\/posts\/29232\/revisions\/29249"}],"wp:attachment":[{"href":"https:\/\/bergen.katolsk.no\/index.php?rest_route=%2Fwp%2Fv2%2Fmedia&parent=29232"}],"wp:term":[{"taxonomy":"category","embeddable":true,"href":"https:\/\/bergen.katolsk.no\/index.php?rest_route=%2Fwp%2Fv2%2Fcategories&post=29232"},{"taxonomy":"post_tag","embeddable":true,"href":"https:\/\/bergen.katolsk.no\/index.php?rest_route=%2Fwp%2Fv2%2Ftags&post=29232"}],"curies":[{"name":"wp","href":"https:\/\/api.w.org\/{rel}","templated":true}]}}