{"id":29237,"date":"2025-06-16T10:07:32","date_gmt":"2025-06-16T10:07:32","guid":{"rendered":"https:\/\/bergen.katolsk.no\/?p=29237"},"modified":"2025-06-16T10:07:32","modified_gmt":"2025-06-16T10:07:32","slug":"bernt-eidsvig-sogneprest-i-st-paul","status":"publish","type":"post","link":"https:\/\/bergen.katolsk.no\/?p=29237","title":{"rendered":"Bernt Eidsvig &#8211; sogneprest i St. Paul"},"content":{"rendered":"\n<figure class=\"wp-block-image size-full\"><a href=\"https:\/\/bergen.katolsk.no\/wp-content\/uploads\/2025\/06\/Skjermbilde-466q.png\"><img loading=\"lazy\" decoding=\"async\" width=\"157\" height=\"213\" src=\"https:\/\/bergen.katolsk.no\/wp-content\/uploads\/2025\/06\/Skjermbilde-466q.png\" alt=\"\" class=\"wp-image-29244\"\/><\/a><\/figure>\n\n\n\n<p>Den nyordinerte pastor Eidsvig kom til Bergen h\u00f8sten 1982. Han ble kapellan i menigheten og brukte i starten av sin karriere mer tid i skolebrakken p\u00e5 Florida enn i presteg\u00e5rden i Christiesgate.<\/p>\n\n\n\n<p>Han ble umiddelbart del av skolens milj\u00f8, utover \u00e5 v\u00e6re skoleprest, underviste han i kristendomskunnskap og engelsk, har var en god l\u00e6rer og en god kollega. Han brukte kontaktene p\u00e5 skolen som utgangspunkt for sin sosialisering, ikke minst gjennom elevene \u00e5 f\u00e5 n\u00e6re forhold til deres familier. Pastor Eidsvig vokste inn i Bergen, selv om han ikke alltid helt gikk i ett med tapeten. Han var sterk i bruken av collar i offisielle sammenhenger og gjeninf\u00f8rte ukentlig skolemesse. Hans forfinete bruk av det engelske <em>sprog,<\/em> var av slik art den fritok ham fra samtaler om engelsk fotball. Han m\u00f8nstret til personalsamling p\u00e5 Finse i februar i nordvest kuling, dresset med filthatt, lang sort frakk, kalosjer og paraply. Hans t\u00f8rre humor, var av slik art at flere med glede mintes den tidligere sogneprest Gorrissen &#8211; han kunne imidlertid oppleves som sarkastisk.<\/p>\n\n\n\n<p>Skolen var imidlertid i en utfordrende situasjon ved at veiplanene med det store krysset p\u00e5 Nyg\u00e5rdstangen ville kreve at skolen m\u00e5tte avgi b\u00e5de tomt og bygninger \u2013 uten at det ble vist til noen l\u00f8sning for den. Det medf\u00f8rte sterke diskusjoner om skolens fremtid. En del i menigheten, blant dem dav\u00e6rende sogneprest, pater Hertman ofm, mente at tiden for katolsk skole var forbi. For andre, ikke minst St. Franciskuss\u00f8strene og krefter blant etablerte i menigheten og skolen, var det likevel klart at vi m\u00e5tte ta utfordringen. S\u00f8strene overlot sitt gamle Moderhus i Nyg\u00e5rdsgaten, til bisped\u00f8mmet for at dette kunne inng\u00e5 i et kompleks med katolsk skole, presteg\u00e5rd og \u00f8vrige menighetsfunksjoner p\u00e5 eiendommene Nyg\u00e5rdsgaten 3, Christiesgate 16 og bolighuset i Fosswinckelsgate 2. Mange andre muligheter ble vurdert ogs\u00e5, herunder overtagelse av kommunale skoler og utbygning p\u00e5 Marias Minde. Men l\u00f8sningen ble uttrykt ved skolens kamprop i 17. mai-toget: <em>\u00abSt. Paul skole, her er vi &#8211; ved v\u00e5r kirke vil vi bli.\u00bb<\/em><\/p>\n\n\n\n<p>Det var ikke selvsagt at et nytt skole- og menighetssenter skulle fors\u00f8kes gjennomf\u00f8rt \u2013 utfordringene stod i k\u00f8 og vi m\u00e5tte gjennom noen krevende interne feider. Men da Bernt Eidsvig i 1986 ble utnevnt til sogneprest ble det klarhet i saken. Det ble dannet en styringsgruppe med sognepresten, Helge Hamre som leder og Tore Ludvig Olsen som hadde bakgrunn b\u00e5de fra menighetsr\u00e5d og skolestyre samt skolens rektor. Biskop Schwenzer f\u00f8lte seg nok hardt presset, ikke minst av pastor Eidsvig, f\u00f8r han tillot utbygningen.<\/p>\n\n\n\n<p>Vi tar ikke alle enkeltheter, men det nye anlegget ble innviet ved skolestart h\u00f8sten 1991. Uken etterp\u00e5 reiste pastor Eidsvig til Klosterneuburg for \u00e5 tre inn hos Augustinerne. Alle som kjenner St. Paul skole, kjenner Bernt Eidsvig som en av dens avgj\u00f8rende venner \u2013 og for mange en n\u00e6r, personlig venn.<\/p>\n\n\n\n<p>Gjermund H\u00f8gh          <\/p>\n\n\n\n<p>Bergen, 01.05.2025<\/p>\n\n\n\n<p><\/p>\n","protected":false},"excerpt":{"rendered":"<p>Den nyordinerte pastor Eidsvig kom til Bergen h\u00f8sten 1982. Han ble kapellan i menigheten og brukte i starten av sin<\/p>\n","protected":false},"author":3,"featured_media":0,"comment_status":"closed","ping_status":"closed","sticky":false,"template":"","format":"standard","meta":{"colormag_page_container_layout":"default_layout","colormag_page_sidebar_layout":"default_layout","_exactmetrics_skip_tracking":false,"_exactmetrics_sitenote_active":false,"_exactmetrics_sitenote_note":"","_exactmetrics_sitenote_category":0,"footnotes":""},"categories":[1],"tags":[],"class_list":["post-29237","post","type-post","status-publish","format-standard","hentry","category-aktuelt"],"_links":{"self":[{"href":"https:\/\/bergen.katolsk.no\/index.php?rest_route=\/wp\/v2\/posts\/29237","targetHints":{"allow":["GET"]}}],"collection":[{"href":"https:\/\/bergen.katolsk.no\/index.php?rest_route=\/wp\/v2\/posts"}],"about":[{"href":"https:\/\/bergen.katolsk.no\/index.php?rest_route=\/wp\/v2\/types\/post"}],"author":[{"embeddable":true,"href":"https:\/\/bergen.katolsk.no\/index.php?rest_route=\/wp\/v2\/users\/3"}],"replies":[{"embeddable":true,"href":"https:\/\/bergen.katolsk.no\/index.php?rest_route=%2Fwp%2Fv2%2Fcomments&post=29237"}],"version-history":[{"count":5,"href":"https:\/\/bergen.katolsk.no\/index.php?rest_route=\/wp\/v2\/posts\/29237\/revisions"}],"predecessor-version":[{"id":29245,"href":"https:\/\/bergen.katolsk.no\/index.php?rest_route=\/wp\/v2\/posts\/29237\/revisions\/29245"}],"wp:attachment":[{"href":"https:\/\/bergen.katolsk.no\/index.php?rest_route=%2Fwp%2Fv2%2Fmedia&parent=29237"}],"wp:term":[{"taxonomy":"category","embeddable":true,"href":"https:\/\/bergen.katolsk.no\/index.php?rest_route=%2Fwp%2Fv2%2Fcategories&post=29237"},{"taxonomy":"post_tag","embeddable":true,"href":"https:\/\/bergen.katolsk.no\/index.php?rest_route=%2Fwp%2Fv2%2Ftags&post=29237"}],"curies":[{"name":"wp","href":"https:\/\/api.w.org\/{rel}","templated":true}]}}