{"id":29458,"date":"2025-08-28T08:01:39","date_gmt":"2025-08-28T08:01:39","guid":{"rendered":"https:\/\/bergen.katolsk.no\/?p=29458"},"modified":"2025-09-12T12:44:56","modified_gmt":"2025-09-12T12:44:56","slug":"pilegrimstur-til-det-hellige-kors-kirke-i-fana-2","status":"publish","type":"post","link":"https:\/\/bergen.katolsk.no\/?p=29458","title":{"rendered":"PILEGRIMSTUR til det hellige kors kirke i Fana"},"content":{"rendered":"\n<p><strong>L\u00f8rdag 13. september 2025 inviterer menighetsr\u00e5det til pilegrimsvandring til det Hellige kors kirke i Fana.<\/strong><\/p>\n\n\n\n<figure class=\"wp-block-image size-full\"><a href=\"https:\/\/bergen.katolsk.no\/wp-content\/uploads\/2025\/08\/Skjermbilde-480.png\"><img loading=\"lazy\" decoding=\"async\" width=\"507\" height=\"725\" src=\"https:\/\/bergen.katolsk.no\/wp-content\/uploads\/2025\/08\/Skjermbilde-480.png\" alt=\"\" class=\"wp-image-29483\" srcset=\"https:\/\/bergen.katolsk.no\/wp-content\/uploads\/2025\/08\/Skjermbilde-480.png 507w, https:\/\/bergen.katolsk.no\/wp-content\/uploads\/2025\/08\/Skjermbilde-480-210x300.png 210w\" sizes=\"auto, (max-width: 507px) 100vw, 507px\" \/><\/a><\/figure>\n\n\n\n<p><strong>Til fots<\/strong>  fra St. Paul kirke (18 km) eller fra Lagunen ved Krohn\u00e5sveien (4 km), eller fra fra gamle Stend stasjon p\u00e5 Os-banen (1 km).<br><u><strong>Med buss<\/strong><\/u>     Ta buss no. 60 eller 61 fra Lagunen til Fana kirke<strong><u>Med sykkel<\/u> <\/strong>&nbsp;<strong>eller m<u>ed bil<\/u><\/strong> Begrenset parkering finnes v\/ Fana kirke &nbsp;&#8211; tilby skyss til andre!<br><strong><u>Adresse til Fana kirke: Fanavegen 320, 5244 Bergen&nbsp;<\/u><\/strong><\/p>\n\n\n\n<p><strong>Vi feirer minnedagen for Korsets Opph\u00f8yelse &#8211; <em>Exaltatio Sanctae Crucis<\/em><\/strong><\/p>\n\n\n\n<p><em>\u00abI v\u00e5r Herres Jesu Kristi kors er all v\u00e5r ros.<br>I ham er v\u00e5r frelse, v\u00e5rt liv og v\u00e5r oppstandelse.<br>Ved ham er vi frelst og fridd ut.\u00bb<\/em><\/p>\n\n\n\n<p>Dagen er blitt feiret siden 330-\u00e5rene da den hellige Helena, keiser Konstantins mor, oppdaget Herrens kors i Jerusalem, hvorp\u00e5 Gravkirken ble bygget p\u00e5 stedet. Korsets opph\u00f8yelsesfest er blitt en av de viktigste dagene i Kirkens liturgi. Dagen blir feiret s\u00e6rlig h\u00f8ytidelig i de kirkene der relikvier fra det hellige kors befinner seg. Dagen var ogs\u00e5 avmerket p\u00e5 den norske primstaven \u2013 h\u00f8stkorsmesse. Da skulle kornet v\u00e6re samlet, alt h\u00f8starbeid ferdiggjort og setrene lukket for vinteren.<\/p>\n\n\n\n<p>Det hellige kors kirke i Fana ble bygget i annen halvdel av 1100-tallet og stod ferdig i 1220-\u00e5rene. Pave Gregors IX vernebrev fra 1228 forteller at kirken var b\u00e5de sognekirke og hospitalkirke p\u00e5 denne tiden. Senere ble den ogs\u00e5 et kongelig kapell. Krusifikset fra kirken kan man i dag se i Kirkesamlingene i Bergen Historiske museum. I middelalderen fantes det ogs\u00e5 et s\u00f8lv kors i Fana som, i f\u00f8lge legenden, ble fisket opp av Fanafjorden av to br\u00f8dre. Dette korset ble fort kjent som mirakul\u00f8st og valfarter til Fanakirken ble en tradisjon i middelalderen. Det er f\u00e5 kilder som kan bekrefte dette, men vi vet at etter reformasjonen, i 1530- \u00e5rene s\u00e5 ble dette korset fjernet fra kirken da lensmannen Tor Roed plyndret kirken og tok med seg alt som kunne smeltes. S\u00f8lvkorset ble aldri funnet igjen &#8211; sannsynligvis sank korset i havet under seilasen til Bergen.<\/p>\n\n\n\n<p>Vi har ogs\u00e5 en indirekte kilde som forteller om omfanget av valfart og helbredelser i det Hellige kors kirke i Fana. Mot slutten av 1500-tallet brente den lutherske presten i Fana seks hestelass krykker og staver som de helbredede hadde kastet fra seg i \u00e5rhundrene f\u00f8r reformasjonen. Etter reformasjonen ble pilegrimsvandringen til kirken i Fana etter hvert glemt.<\/p>\n","protected":false},"excerpt":{"rendered":"<p>L\u00f8rdag 13. september 2025 inviterer menighetsr\u00e5det til pilegrimsvandring til det Hellige kors kirke i Fana. Til fots fra St. Paul<\/p>\n","protected":false},"author":3,"featured_media":0,"comment_status":"closed","ping_status":"closed","sticky":false,"template":"","format":"standard","meta":{"colormag_page_container_layout":"default_layout","colormag_page_sidebar_layout":"default_layout","_exactmetrics_skip_tracking":false,"_exactmetrics_sitenote_active":false,"_exactmetrics_sitenote_note":"","_exactmetrics_sitenote_category":0,"footnotes":""},"categories":[1],"tags":[],"class_list":["post-29458","post","type-post","status-publish","format-standard","hentry","category-aktuelt"],"_links":{"self":[{"href":"https:\/\/bergen.katolsk.no\/index.php?rest_route=\/wp\/v2\/posts\/29458","targetHints":{"allow":["GET"]}}],"collection":[{"href":"https:\/\/bergen.katolsk.no\/index.php?rest_route=\/wp\/v2\/posts"}],"about":[{"href":"https:\/\/bergen.katolsk.no\/index.php?rest_route=\/wp\/v2\/types\/post"}],"author":[{"embeddable":true,"href":"https:\/\/bergen.katolsk.no\/index.php?rest_route=\/wp\/v2\/users\/3"}],"replies":[{"embeddable":true,"href":"https:\/\/bergen.katolsk.no\/index.php?rest_route=%2Fwp%2Fv2%2Fcomments&post=29458"}],"version-history":[{"count":3,"href":"https:\/\/bergen.katolsk.no\/index.php?rest_route=\/wp\/v2\/posts\/29458\/revisions"}],"predecessor-version":[{"id":29484,"href":"https:\/\/bergen.katolsk.no\/index.php?rest_route=\/wp\/v2\/posts\/29458\/revisions\/29484"}],"wp:attachment":[{"href":"https:\/\/bergen.katolsk.no\/index.php?rest_route=%2Fwp%2Fv2%2Fmedia&parent=29458"}],"wp:term":[{"taxonomy":"category","embeddable":true,"href":"https:\/\/bergen.katolsk.no\/index.php?rest_route=%2Fwp%2Fv2%2Fcategories&post=29458"},{"taxonomy":"post_tag","embeddable":true,"href":"https:\/\/bergen.katolsk.no\/index.php?rest_route=%2Fwp%2Fv2%2Ftags&post=29458"}],"curies":[{"name":"wp","href":"https:\/\/api.w.org\/{rel}","templated":true}]}}