{"id":29462,"date":"2025-08-28T14:22:29","date_gmt":"2025-08-28T14:22:29","guid":{"rendered":"https:\/\/bergen.katolsk.no\/?p=29462"},"modified":"2025-08-29T13:26:07","modified_gmt":"2025-08-29T13:26:07","slug":"pielgrzymka-do-kosciola-sw-krzyza-w-fana","status":"publish","type":"post","link":"https:\/\/bergen.katolsk.no\/?p=29462","title":{"rendered":"Pielgrzymka do ko\u015bcio\u0142a \u015aw. Krzy\u017ca w Fana"},"content":{"rendered":"\n<figure class=\"wp-block-image size-full\"><a href=\"https:\/\/bergen.katolsk.no\/wp-content\/uploads\/2025\/08\/Bilde1.jpg\"><img loading=\"lazy\" decoding=\"async\" width=\"227\" height=\"303\" src=\"https:\/\/bergen.katolsk.no\/wp-content\/uploads\/2025\/08\/Bilde1.jpg\" alt=\"\" class=\"wp-image-29464\" srcset=\"https:\/\/bergen.katolsk.no\/wp-content\/uploads\/2025\/08\/Bilde1.jpg 227w, https:\/\/bergen.katolsk.no\/wp-content\/uploads\/2025\/08\/Bilde1-225x300.jpg 225w\" sizes=\"auto, (max-width: 227px) 100vw, 227px\" \/><\/a><\/figure>\n\n\n\n<p>Sobota 13 wrze\u015bnia  \u015a<em>wi\u0119to Podniesienia Krzy\u017ca &#8211; Exaltatio Sanctae Crucis.<\/em><\/p>\n\n\n\n<p><\/p>\n\n\n\n<p>Zapraamy na pielgrzymke &#8211; Pieszo &#8211; z St. Paul kirke \u2013 ok 18 km, start godz 10.45<\/p>\n\n\n\n<p>Z Lagunen 4,5 km \u2013 &nbsp;przy Krohn\u00e5svegen\/Skeidar godz 15.00<\/p>\n\n\n\n<p>Autobusem   Autobus nr 60\/61 z Lagunen do Fana kirke<\/p>\n\n\n\n<p>Samochodem  Ograniczone mo\u017cliwo\u015bci parkingu przy ko\u015bciele. Prosimy o zorganizowanie wsp\u00f3lnego transportu.<\/p>\n\n\n\n<p><strong>Informacja o ko\u015bciele i \u015awi\u0119tym Krzy\u017cu w Fana<\/strong><\/p>\n\n\n\n<p>\u015a<em>wi\u0119to Podniesienia Krzy\u017ca &#8211; <\/em><em>Exaltatio Sanctae Crucis. Swi\u0119to to ustanowiono ju\u017c ok roku 330 kiedy \u015bwieta Helena, matka cesarza Konstantyna, odnalaz\u0142a Krzy\u017c \u015awi\u0119ty w Jerozolimie . \u015awi\u0119to Podniesienia Krzy\u017ca to jeden z wa\u017cniejszych dni w liturgii Ko\u015bcio\u0142a.<\/em><\/p>\n\n\n\n<p><em>Budowa ko\u015bcio\u0142a \u015awi\u0119tego Krzy\u017ca w Fana&nbsp; rozpocz\u0119\u0142a si\u0119 w drugiej po\u0142owie XII wieku i zako\u0107zona w latah 1220. Papie\u017c Grzegorz IX w bulli z 1228 roku m\u00f3wi, \u017ce ko\u015bci\u00f3\u0142 by\u0142&nbsp; w tym czasie i ko\u015bcio\u0142em parafianym i kaplic\u0105 szpitaln\u0105. W \u015bredniowieczu znajdowa\u0142 si\u0119 w kosciele w Fana r\u00f3wniez krzy\u017c srebrny, kt\u00f3ry zgodnie z tadycj\u0105 wy\u0142owiony zosta\u0142 z morza przez dwu braci rybak\u00f3w. Krzy\u017c ten znany by\u0142 z cud\u00f3w a pielgrzymki do ko\u015bcio\u0142a w Fana by\u0142y w \u015bredniowieczu tradycj\u0105. Po Reformacji w latah 1530-tych Kry\u017c ten zosta\u0142 usuni\u0119ty i nie zosta\u0142 nigdy odnaleziony \u2013 najprawdopodobniej zaton\u0105\u0142 podczas przepraawy do Bergen.<\/em><\/p>\n\n\n\n<p><em>O skali poularno\u015bci pielgrzymek i uzdrowie\u0144 w ko\u015bciele \u015aw. Krzy\u017ca w Fana mo\u017ce r\u00f3wnie\u017c \u015bwiadczy\u0107 fakt, \u017ce pod koniec XVI wieku lutera\u0144ski pastor w Fana koza\u0142 spali\u0107 sze\u015b\u0107 woz\u00f3w z laskami i kulami, kt\u00f3re uzdrowieni pielgrzymi zostawili w ko\u015bciele przed Reformacj\u0105. Po reformacji pielgrzymki do koscio\u0142a w Fana powoli usta\u0142y \u2013 zosta\u0142y zabronione.<\/em><\/p>\n","protected":false},"excerpt":{"rendered":"<p>Sobota 13 wrze\u015bnia \u015awi\u0119to Podniesienia Krzy\u017ca &#8211; Exaltatio Sanctae Crucis. Zapraamy na pielgrzymke &#8211; Pieszo &#8211; z St. Paul kirke<\/p>\n","protected":false},"author":3,"featured_media":0,"comment_status":"closed","ping_status":"closed","sticky":false,"template":"","format":"standard","meta":{"colormag_page_container_layout":"default_layout","colormag_page_sidebar_layout":"default_layout","_exactmetrics_skip_tracking":false,"_exactmetrics_sitenote_active":false,"_exactmetrics_sitenote_note":"","_exactmetrics_sitenote_category":0,"footnotes":""},"categories":[5],"tags":[],"class_list":["post-29462","post","type-post","status-publish","format-standard","hentry","category-polski"],"_links":{"self":[{"href":"https:\/\/bergen.katolsk.no\/index.php?rest_route=\/wp\/v2\/posts\/29462","targetHints":{"allow":["GET"]}}],"collection":[{"href":"https:\/\/bergen.katolsk.no\/index.php?rest_route=\/wp\/v2\/posts"}],"about":[{"href":"https:\/\/bergen.katolsk.no\/index.php?rest_route=\/wp\/v2\/types\/post"}],"author":[{"embeddable":true,"href":"https:\/\/bergen.katolsk.no\/index.php?rest_route=\/wp\/v2\/users\/3"}],"replies":[{"embeddable":true,"href":"https:\/\/bergen.katolsk.no\/index.php?rest_route=%2Fwp%2Fv2%2Fcomments&post=29462"}],"version-history":[{"count":3,"href":"https:\/\/bergen.katolsk.no\/index.php?rest_route=\/wp\/v2\/posts\/29462\/revisions"}],"predecessor-version":[{"id":29486,"href":"https:\/\/bergen.katolsk.no\/index.php?rest_route=\/wp\/v2\/posts\/29462\/revisions\/29486"}],"wp:attachment":[{"href":"https:\/\/bergen.katolsk.no\/index.php?rest_route=%2Fwp%2Fv2%2Fmedia&parent=29462"}],"wp:term":[{"taxonomy":"category","embeddable":true,"href":"https:\/\/bergen.katolsk.no\/index.php?rest_route=%2Fwp%2Fv2%2Fcategories&post=29462"},{"taxonomy":"post_tag","embeddable":true,"href":"https:\/\/bergen.katolsk.no\/index.php?rest_route=%2Fwp%2Fv2%2Ftags&post=29462"}],"curies":[{"name":"wp","href":"https:\/\/api.w.org\/{rel}","templated":true}]}}