{"id":29481,"date":"2025-08-29T11:36:25","date_gmt":"2025-08-29T11:36:25","guid":{"rendered":"https:\/\/bergen.katolsk.no\/?p=29481"},"modified":"2025-09-01T09:16:21","modified_gmt":"2025-09-01T09:16:21","slug":"kunngjoringer-sondag-31-aug-2025","status":"publish","type":"post","link":"https:\/\/bergen.katolsk.no\/?p=29481","title":{"rendered":"KUNNGJ\u00d8RINGER S\u00d8NDAG 31. AUG 2025"},"content":{"rendered":"\n<figure class=\"wp-block-image size-full\"><a href=\"https:\/\/bergen.katolsk.no\/wp-content\/uploads\/2022\/03\/St.-paul-Kirke2.jpg\"><img loading=\"lazy\" decoding=\"async\" width=\"425\" height=\"640\" src=\"https:\/\/bergen.katolsk.no\/wp-content\/uploads\/2022\/03\/St.-paul-Kirke2.jpg\" alt=\"\" class=\"wp-image-16909\" srcset=\"https:\/\/bergen.katolsk.no\/wp-content\/uploads\/2022\/03\/St.-paul-Kirke2.jpg 425w, https:\/\/bergen.katolsk.no\/wp-content\/uploads\/2022\/03\/St.-paul-Kirke2-199x300.jpg 199w\" sizes=\"auto, (max-width: 425px) 100vw, 425px\" \/><\/a><\/figure>\n\n\n\n<p>&#8211; Trosoppl\u00e6ringskurset for mennesker som \u00f8nsker \u00e5 bli katolikker, starter 2. sept. kl. 17:00. M\u00f8tet avholdes i 4.&nbsp;etg. i Presteg\u00e5rden. Ingen p\u00e5melding n\u00f8dvendig.<\/p>\n\n\n\n<p>&#8211; Torsdag, 04. september er det vesper kl. 18:30 med b\u00f8nn for kall. Etter messen blir det sakramentstilbedelse til Jesu hellige hjerte fram til kl. 21.<\/p>\n\n\n\n<p>&#8211; Bibelgruppen som leser og snakker om et kapittel i Lukasevangeliet, begynner igjen torsdag, 4. sept., kl.&nbsp;19:45-22:00 p\u00e5 skolens personalrom. Se egen plakat.<\/p>\n\n\n\n<p>&#8211; Fredag, 5. september, er festen for Mor Teresa. Missiona-ries of Charity-s\u00f8strene inviterer til festmesse kl.\u00a017:30. Etter messen inviterer de til kirkekaffe p\u00e5 skolens personalrom.<\/p>\n\n\n\n<p>&#8211; Undervisningssamling for voksne blir l\u00f8rdag 6. sept. kl.&nbsp;13-14 p\u00e5 skolens personalrom v\/ Erik Andvik.<\/p>\n\n\n\n<p>&#8211; Fatima-andakten holdes l\u00f8rdag 6. sept. kl. 17.00.<\/p>\n\n\n\n<p>&#8211; Det blir Familiemesse kl. 13:00 neste s\u00f8ndag, 7. september med p\u00e5f\u00f8lgende samling og mat i Krypten.<\/p>\n\n\n\n<p>&#8211; Studentgruppen \u00abFides\u00bb har startet opp igjen. M\u00f8te ca. kl. 19:00 foran kirken etter den engelske messen.<\/p>\n\n\n\n<p>&#8211; Alle i menigheten er invitert til \u00e5 delta p\u00e5 v\u00e5r \u00e5rlige pilegrimsvandring til Det hellige Kors i Fana kirke, som i \u00e5r skjer l\u00f8rdag den 13. sept. Prosesjonen starter fra St. Paul kirke med oppm\u00f8te kl. 10.45, p\u00e5 Lagunen kl. 15 og p\u00e5 Stend stasjon kl. 16. Den avsluttes med messe i Fana kirke kl. 17. For mer informasjon se plakat og hjemmesiden.<br>&#8212;&#8212;&#8212;&#8212;&#8212;&#8212;&#8212;&#8212;&#8212;&#8212;&#8212;&#8212;&#8212;&#8212;&#8212;&#8212;&#8212;&#8212;&#8212;&#8212;&#8212;&#8212;&#8212;<em>Etter h\u00f8ymessen<\/em> er alle hjertelig velkommen til gratis kirkekaffe i gymsalen for \u00e5 feire Dom Alois sin 70-\u00e5rsdag.<\/p>\n","protected":false},"excerpt":{"rendered":"<p>&#8211; Trosoppl\u00e6ringskurset for mennesker som \u00f8nsker \u00e5 bli katolikker, starter 2. sept. kl. 17:00. M\u00f8tet avholdes i 4.&nbsp;etg. i Presteg\u00e5rden.<\/p>\n","protected":false},"author":12,"featured_media":0,"comment_status":"closed","ping_status":"closed","sticky":false,"template":"","format":"standard","meta":{"colormag_page_container_layout":"default_layout","colormag_page_sidebar_layout":"default_layout","_exactmetrics_skip_tracking":false,"_exactmetrics_sitenote_active":false,"_exactmetrics_sitenote_note":"","_exactmetrics_sitenote_category":0,"footnotes":""},"categories":[4],"tags":[],"class_list":["post-29481","post","type-post","status-publish","format-standard","hentry","category-kunngjoring"],"_links":{"self":[{"href":"https:\/\/bergen.katolsk.no\/index.php?rest_route=\/wp\/v2\/posts\/29481","targetHints":{"allow":["GET"]}}],"collection":[{"href":"https:\/\/bergen.katolsk.no\/index.php?rest_route=\/wp\/v2\/posts"}],"about":[{"href":"https:\/\/bergen.katolsk.no\/index.php?rest_route=\/wp\/v2\/types\/post"}],"author":[{"embeddable":true,"href":"https:\/\/bergen.katolsk.no\/index.php?rest_route=\/wp\/v2\/users\/12"}],"replies":[{"embeddable":true,"href":"https:\/\/bergen.katolsk.no\/index.php?rest_route=%2Fwp%2Fv2%2Fcomments&post=29481"}],"version-history":[{"count":2,"href":"https:\/\/bergen.katolsk.no\/index.php?rest_route=\/wp\/v2\/posts\/29481\/revisions"}],"predecessor-version":[{"id":29497,"href":"https:\/\/bergen.katolsk.no\/index.php?rest_route=\/wp\/v2\/posts\/29481\/revisions\/29497"}],"wp:attachment":[{"href":"https:\/\/bergen.katolsk.no\/index.php?rest_route=%2Fwp%2Fv2%2Fmedia&parent=29481"}],"wp:term":[{"taxonomy":"category","embeddable":true,"href":"https:\/\/bergen.katolsk.no\/index.php?rest_route=%2Fwp%2Fv2%2Fcategories&post=29481"},{"taxonomy":"post_tag","embeddable":true,"href":"https:\/\/bergen.katolsk.no\/index.php?rest_route=%2Fwp%2Fv2%2Ftags&post=29481"}],"curies":[{"name":"wp","href":"https:\/\/api.w.org\/{rel}","templated":true}]}}