{"id":29624,"date":"2025-09-28T13:41:45","date_gmt":"2025-09-28T13:41:45","guid":{"rendered":"https:\/\/bergen.katolsk.no\/?p=29624"},"modified":"2025-09-30T13:46:14","modified_gmt":"2025-09-30T13:46:14","slug":"sammen-er-vi-kirken-som-ser-og-som-handler-caritas-sondag-2025","status":"publish","type":"post","link":"https:\/\/bergen.katolsk.no\/?p=29624","title":{"rendered":"Sammen er vi Kirken som ser \u2013 og som handler.  Caritas s\u00f8ndag 2025"},"content":{"rendered":"\n<figure class=\"wp-block-image size-full\"><a href=\"https:\/\/bergen.katolsk.no\/wp-content\/uploads\/2023\/02\/Caritas-logo.jpg\"><img loading=\"lazy\" decoding=\"async\" width=\"400\" height=\"400\" src=\"https:\/\/bergen.katolsk.no\/wp-content\/uploads\/2023\/02\/Caritas-logo.jpg\" alt=\"\" class=\"wp-image-17927\" srcset=\"https:\/\/bergen.katolsk.no\/wp-content\/uploads\/2023\/02\/Caritas-logo.jpg 400w, https:\/\/bergen.katolsk.no\/wp-content\/uploads\/2023\/02\/Caritas-logo-300x300.jpg 300w, https:\/\/bergen.katolsk.no\/wp-content\/uploads\/2023\/02\/Caritas-logo-150x150.jpg 150w\" sizes=\"auto, (max-width: 400px) 100vw, 400px\" \/><\/a><\/figure>\n\n\n\n<p>Kj\u00e6re menighet,<\/p>\n\n\n\n<p>Denne s\u00f8ndagen feirer vi <strong>Caritas-s\u00f8ndag<\/strong> \u2013 en dag hvor vi blir minnet om Kirkens kall til nestekj\u00e6rlighet og solidaritet.<br>I dag h\u00f8rer vi om den rike mannen som levde i overflod og Lasarus som sultet ved porten. Amos roper mot dem som lever bekymringsl\u00f8st mens andre lider. Paulus minner oss om \u00e5 \u00abjage etter rettferdighet, gudsfrykt, tro, kj\u00e6rlighet, utholdenhet og mildhet\u00bb (1 Tim 6,11). Disse tekstene kaller oss til \u00e5 se de andres lidelser og til \u00e5 hjelpe de trengende.<br>Caritas er Den katolske kirkes egen hjelpeorganisasjon. Gjennom Caritas arbeider vi hver dag for de fattige og marginaliserte. Som en del av Kirken n\u00e5r Caritas ut til mennesker i n\u00f8d, b\u00e5de her i Norge og i mer enn 200 land og territorier verden over.<\/p>\n\n\n\n<ul class=\"wp-block-list\">\n<li>I Norge driver Caritas spr\u00e5kkurs og arbeidsrettet veiledning for arbeidsinnvandrere og flyktninger.<\/li>\n\n\n\n<li>Internasjonalt arbeider Caritas i kriseomr\u00e5der for \u00e5 gi mat, rent vann og helsehjelp til mennesker rammet av krig og naturkatastrofer.<\/li>\n\n\n\n<li>Langsiktig bygger Caritas opp lokalsamfunn gjennom utdanning, matsikkerhet og tiltak som gir familier mulighet til \u00e5 st\u00e5 p\u00e5 egne ben.<\/li>\n<\/ul>\n\n\n\n<p>Dette gj\u00f8r Caritas p\u00e5 vegne av hele Kirken, og dermed ogs\u00e5 p\u00e5 vegne av deg.<br>Du inviteres derfor i dag til \u00e5 st\u00f8tte Caritas \u2013 ikke bare med en enkelt gave, men vi oppfordrer alle katolikker til \u00e5 bli <strong><a href=\"https:\/\/caritas.no\/kampanjer\/stott-oss\/\">fast giver<\/a> <\/strong>til Caritas. Da st\u00e5r vi sammen i et langsiktig arbeid for rettferdighet, fred og h\u00e5p.<\/p>\n\n\n\n<p><strong>Sammen er vi Kirken som ser \u2013 og som handler.<\/strong><br>Takk for din st\u00f8tte !   <br>Vipps nr 12135<\/p>\n\n\n\n<p>Det var Ingrid Rosendorf Joys , Caritas Norges generalsekret\u00e6r, som bes\u00f8kte v\u00e5r menighet i dag og holdt denne appellen. <br>Les mer om Caritas sitt arbeid <a href=\"https:\/\/caritas.no\/\">her<\/a> .<\/p>\n\n\n\n<p><\/p>\n\n\n\n<p><\/p>\n","protected":false},"excerpt":{"rendered":"<p>Kj\u00e6re menighet, Denne s\u00f8ndagen feirer vi Caritas-s\u00f8ndag \u2013 en dag hvor vi blir minnet om Kirkens kall til nestekj\u00e6rlighet og<\/p>\n","protected":false},"author":3,"featured_media":0,"comment_status":"closed","ping_status":"closed","sticky":false,"template":"","format":"standard","meta":{"colormag_page_container_layout":"default_layout","colormag_page_sidebar_layout":"default_layout","_exactmetrics_skip_tracking":false,"_exactmetrics_sitenote_active":false,"_exactmetrics_sitenote_note":"","_exactmetrics_sitenote_category":0,"footnotes":""},"categories":[1],"tags":[],"class_list":["post-29624","post","type-post","status-publish","format-standard","hentry","category-aktuelt"],"_links":{"self":[{"href":"https:\/\/bergen.katolsk.no\/index.php?rest_route=\/wp\/v2\/posts\/29624","targetHints":{"allow":["GET"]}}],"collection":[{"href":"https:\/\/bergen.katolsk.no\/index.php?rest_route=\/wp\/v2\/posts"}],"about":[{"href":"https:\/\/bergen.katolsk.no\/index.php?rest_route=\/wp\/v2\/types\/post"}],"author":[{"embeddable":true,"href":"https:\/\/bergen.katolsk.no\/index.php?rest_route=\/wp\/v2\/users\/3"}],"replies":[{"embeddable":true,"href":"https:\/\/bergen.katolsk.no\/index.php?rest_route=%2Fwp%2Fv2%2Fcomments&post=29624"}],"version-history":[{"count":2,"href":"https:\/\/bergen.katolsk.no\/index.php?rest_route=\/wp\/v2\/posts\/29624\/revisions"}],"predecessor-version":[{"id":29628,"href":"https:\/\/bergen.katolsk.no\/index.php?rest_route=\/wp\/v2\/posts\/29624\/revisions\/29628"}],"wp:attachment":[{"href":"https:\/\/bergen.katolsk.no\/index.php?rest_route=%2Fwp%2Fv2%2Fmedia&parent=29624"}],"wp:term":[{"taxonomy":"category","embeddable":true,"href":"https:\/\/bergen.katolsk.no\/index.php?rest_route=%2Fwp%2Fv2%2Fcategories&post=29624"},{"taxonomy":"post_tag","embeddable":true,"href":"https:\/\/bergen.katolsk.no\/index.php?rest_route=%2Fwp%2Fv2%2Ftags&post=29624"}],"curies":[{"name":"wp","href":"https:\/\/api.w.org\/{rel}","templated":true}]}}