{"id":29640,"date":"2025-10-03T15:33:59","date_gmt":"2025-10-03T15:33:59","guid":{"rendered":"https:\/\/bergen.katolsk.no\/?p=29640"},"modified":"2025-09-30T15:39:47","modified_gmt":"2025-09-30T15:39:47","slug":"kunngjoringer-sondag-05-okt-2025","status":"publish","type":"post","link":"https:\/\/bergen.katolsk.no\/?p=29640","title":{"rendered":"KUNNGJ\u00d8RINGER S\u00d8NDAG 05. OKT 2025"},"content":{"rendered":"\n<figure class=\"wp-block-image size-full\"><a href=\"https:\/\/bergen.katolsk.no\/wp-content\/uploads\/2025\/01\/St.-paul-Kirke2.jpg\"><img loading=\"lazy\" decoding=\"async\" width=\"425\" height=\"640\" src=\"https:\/\/bergen.katolsk.no\/wp-content\/uploads\/2025\/01\/St.-paul-Kirke2.jpg\" alt=\"\" class=\"wp-image-28572\" srcset=\"https:\/\/bergen.katolsk.no\/wp-content\/uploads\/2025\/01\/St.-paul-Kirke2.jpg 425w, https:\/\/bergen.katolsk.no\/wp-content\/uploads\/2025\/01\/St.-paul-Kirke2-199x300.jpg 199w\" sizes=\"auto, (max-width: 425px) 100vw, 425px\" \/><\/a><\/figure>\n\n\n\n<p>&#8211; Tirsdag, 7. okt. feires \u00abV\u00e5r Frue av rosenkransen\u00bb og innstiftelsen til Mor-Teresa-s\u00f8strene med tilbedelse og rosenkrans p\u00e5 forskjellige spr\u00e5k fra kl. 10 av og frem til kveldsmessen. Se plakat og tidsskjema for rosenkransen.<\/p>\n\n\n\n<p>&#8211; H\u00f8stens ekteskapskurs starter mandag 13. oktober kl. 18-20 p\u00e5 menighetens m\u00f8terom p\u00e5 4. etg.<\/p>\n\n\n\n<p>&#8211; Menighetskontoret er kun \u00e5pent onsdag morgen i h\u00f8stferien (uke 41).<\/p>\n\n\n\n<p>&#8211; Det blir utvidet menighetsr\u00e5dsm\u00f8te onsdag, 15.10.2025 p\u00e5 skolens personalrom kl. 17. Alle gruppeledere og nestledere er invitert til \u00e5 komme.<\/p>\n\n\n\n<p>&#8212;&#8212;&#8212;&#8212;&#8212;&#8212;&#8212;&#8212;&#8212;&#8212;&#8212;&#8212;&#8212;&#8212;&#8212;&#8212;&#8212;&#8212;&#8212;&#8212;&#8212;&#8212;&#8212;<\/p>\n\n\n\n<p><em>Etter h\u00f8ymessen<\/em> er alle hjertelig velkommen til kirkekaffe i Krypten.<\/p>\n","protected":false},"excerpt":{"rendered":"<p>&#8211; Tirsdag, 7. okt. feires \u00abV\u00e5r Frue av rosenkransen\u00bb og innstiftelsen til Mor-Teresa-s\u00f8strene med tilbedelse og rosenkrans p\u00e5 forskjellige spr\u00e5k<\/p>\n","protected":false},"author":12,"featured_media":0,"comment_status":"closed","ping_status":"closed","sticky":false,"template":"","format":"standard","meta":{"colormag_page_container_layout":"default_layout","colormag_page_sidebar_layout":"default_layout","_exactmetrics_skip_tracking":false,"_exactmetrics_sitenote_active":false,"_exactmetrics_sitenote_note":"","_exactmetrics_sitenote_category":0,"footnotes":""},"categories":[4],"tags":[],"class_list":["post-29640","post","type-post","status-publish","format-standard","hentry","category-kunngjoring"],"_links":{"self":[{"href":"https:\/\/bergen.katolsk.no\/index.php?rest_route=\/wp\/v2\/posts\/29640","targetHints":{"allow":["GET"]}}],"collection":[{"href":"https:\/\/bergen.katolsk.no\/index.php?rest_route=\/wp\/v2\/posts"}],"about":[{"href":"https:\/\/bergen.katolsk.no\/index.php?rest_route=\/wp\/v2\/types\/post"}],"author":[{"embeddable":true,"href":"https:\/\/bergen.katolsk.no\/index.php?rest_route=\/wp\/v2\/users\/12"}],"replies":[{"embeddable":true,"href":"https:\/\/bergen.katolsk.no\/index.php?rest_route=%2Fwp%2Fv2%2Fcomments&post=29640"}],"version-history":[{"count":1,"href":"https:\/\/bergen.katolsk.no\/index.php?rest_route=\/wp\/v2\/posts\/29640\/revisions"}],"predecessor-version":[{"id":29641,"href":"https:\/\/bergen.katolsk.no\/index.php?rest_route=\/wp\/v2\/posts\/29640\/revisions\/29641"}],"wp:attachment":[{"href":"https:\/\/bergen.katolsk.no\/index.php?rest_route=%2Fwp%2Fv2%2Fmedia&parent=29640"}],"wp:term":[{"taxonomy":"category","embeddable":true,"href":"https:\/\/bergen.katolsk.no\/index.php?rest_route=%2Fwp%2Fv2%2Fcategories&post=29640"},{"taxonomy":"post_tag","embeddable":true,"href":"https:\/\/bergen.katolsk.no\/index.php?rest_route=%2Fwp%2Fv2%2Ftags&post=29640"}],"curies":[{"name":"wp","href":"https:\/\/api.w.org\/{rel}","templated":true}]}}