{"id":29642,"date":"2025-10-10T15:38:36","date_gmt":"2025-10-10T15:38:36","guid":{"rendered":"https:\/\/bergen.katolsk.no\/?p=29642"},"modified":"2025-10-24T17:04:10","modified_gmt":"2025-10-24T17:04:10","slug":"kunngjoringer-sondag-12-okt-2025","status":"publish","type":"post","link":"https:\/\/bergen.katolsk.no\/?p=29642","title":{"rendered":"KUNNGJ\u00d8RINGER S\u00d8NDAG 12. OKT 2025"},"content":{"rendered":"\n<figure class=\"wp-block-image size-full\"><a href=\"https:\/\/bergen.katolsk.no\/wp-content\/uploads\/2025\/01\/St.-paul-Kirke2.jpg\"><img loading=\"lazy\" decoding=\"async\" width=\"425\" height=\"640\" src=\"https:\/\/bergen.katolsk.no\/wp-content\/uploads\/2025\/01\/St.-paul-Kirke2.jpg\" alt=\"\" class=\"wp-image-28572\" srcset=\"https:\/\/bergen.katolsk.no\/wp-content\/uploads\/2025\/01\/St.-paul-Kirke2.jpg 425w, https:\/\/bergen.katolsk.no\/wp-content\/uploads\/2025\/01\/St.-paul-Kirke2-199x300.jpg 199w\" sizes=\"auto, (max-width: 425px) 100vw, 425px\" \/><\/a><\/figure>\n\n\n\n<p>&#8211; Mandag, 13. okt. feires Jomfru Marias \u00e5penbaringer i Fatima. Det vises film i auditoriet p\u00e5 skolen kl. 16.30, rosenkrans i kirken kl. 18, messe p\u00e5 norsk og tamilsk kl. 19, kirkekaffe etterp\u00e5 p\u00e5 skolens personalrom med&nbsp;samtale om Fatima og f\u00f8rstel\u00f8rdagsandakten.<\/p>\n\n\n\n<p>&#8211; Ogs\u00e5 i morgen, mandag, 13. okt. samles alle som vil, til mandagskaffe i Krypten, etter messen (ca. kl. 11.40) , og om kvelden starter h\u00f8stens ekteskapskurs kl. 18-20 p\u00e5 menighetens m\u00f8terom i 4. etg.<\/p>\n\n\n\n<p>&#8211; Det blir utvidet menighetsr\u00e5dsm\u00f8te onsdag, 15. okt. p\u00e5 skolens personalrom kl. 17. Alle gruppeledere og nestledere er invitert til \u00e5 komme.<\/p>\n\n\n\n<p>&#8211; Torsdag, 16. okt. feirer vi minnedagen for St. Olavs d\u00e5p. Det blir norsk h\u00f8ymesse i kirken kl.&nbsp;19:00 med samling og bevertning i Krypten etterp\u00e5. Alle er hjertelig velkomne.<\/p>\n\n\n\n<p>&#8211; Bibelgruppen, som leser og snakker om et kapittel i evangeliene, m\u00f8tes torsdag, 23. oktober, kl. 19:45-22:00 p\u00e5 skolens personalrom.<br>&#8212;&#8212;&#8212;&#8212;&#8212;&#8212;&#8212;&#8212;&#8212;&#8212;&#8212;&#8212;&#8212;&#8212;&#8212;&#8212;&#8212;&#8212;&#8212;&#8212;&#8212;&#8212;&#8212;<\/p>\n\n\n\n<p><em>Etter h\u00f8ymessen<\/em> er alle hjertelig velkommen til kirkekaffe i Krypten.<\/p>\n","protected":false},"excerpt":{"rendered":"<p>&#8211; Mandag, 13. okt. feires Jomfru Marias \u00e5penbaringer i Fatima. Det vises film i auditoriet p\u00e5 skolen kl. 16.30, rosenkrans<\/p>\n","protected":false},"author":12,"featured_media":0,"comment_status":"closed","ping_status":"closed","sticky":false,"template":"","format":"standard","meta":{"colormag_page_container_layout":"default_layout","colormag_page_sidebar_layout":"default_layout","_exactmetrics_skip_tracking":false,"_exactmetrics_sitenote_active":false,"_exactmetrics_sitenote_note":"","_exactmetrics_sitenote_category":0,"footnotes":""},"categories":[1],"tags":[],"class_list":["post-29642","post","type-post","status-publish","format-standard","hentry","category-aktuelt"],"_links":{"self":[{"href":"https:\/\/bergen.katolsk.no\/index.php?rest_route=\/wp\/v2\/posts\/29642","targetHints":{"allow":["GET"]}}],"collection":[{"href":"https:\/\/bergen.katolsk.no\/index.php?rest_route=\/wp\/v2\/posts"}],"about":[{"href":"https:\/\/bergen.katolsk.no\/index.php?rest_route=\/wp\/v2\/types\/post"}],"author":[{"embeddable":true,"href":"https:\/\/bergen.katolsk.no\/index.php?rest_route=\/wp\/v2\/users\/12"}],"replies":[{"embeddable":true,"href":"https:\/\/bergen.katolsk.no\/index.php?rest_route=%2Fwp%2Fv2%2Fcomments&post=29642"}],"version-history":[{"count":2,"href":"https:\/\/bergen.katolsk.no\/index.php?rest_route=\/wp\/v2\/posts\/29642\/revisions"}],"predecessor-version":[{"id":29662,"href":"https:\/\/bergen.katolsk.no\/index.php?rest_route=\/wp\/v2\/posts\/29642\/revisions\/29662"}],"wp:attachment":[{"href":"https:\/\/bergen.katolsk.no\/index.php?rest_route=%2Fwp%2Fv2%2Fmedia&parent=29642"}],"wp:term":[{"taxonomy":"category","embeddable":true,"href":"https:\/\/bergen.katolsk.no\/index.php?rest_route=%2Fwp%2Fv2%2Fcategories&post=29642"},{"taxonomy":"post_tag","embeddable":true,"href":"https:\/\/bergen.katolsk.no\/index.php?rest_route=%2Fwp%2Fv2%2Ftags&post=29642"}],"curies":[{"name":"wp","href":"https:\/\/api.w.org\/{rel}","templated":true}]}}