{"id":29644,"date":"2025-10-04T18:09:55","date_gmt":"2025-10-04T18:09:55","guid":{"rendered":"https:\/\/bergen.katolsk.no\/?p=29644"},"modified":"2025-10-02T18:25:01","modified_gmt":"2025-10-02T18:25:01","slug":"ogloszenia-parafialne-niedziela-5-pazdziernika-2025","status":"publish","type":"post","link":"https:\/\/bergen.katolsk.no\/?p=29644","title":{"rendered":"OG\u0141OSZENIA PARAFIALNE niedziela 5 pa\u017adziernika 2025"},"content":{"rendered":"\n<p>-We wtorek 7.10. obchodzimy&nbsp; \u015bwi\u0119to Matko Boskiej R\u00f3\u017ca\u0144cowej a tak\u017ce rocznic\u0119 utworzenia kongregacji si\u00f3str Matki Teresy. Adoracja i r\u00f3\u017caniec w wielu j\u0119zykach od godz 10.00 do Mszy \u015awi\u0119tej wieczornej, Wi\u0119cej informacji na plakacie.<\/p>\n\n\n\n<p>&#8211; Jesienny kurs przygotowuj\u0105cy do ma\u0142\u017ce\u0144stwa rozpoczyna si\u0119 w poniedzia\u0142ek 13.10 o godz 18.00, na 4 pi\u0119trze.<\/p>\n\n\n\n<p>&#8211; Biuro parafialne b\u0119dzie zamkni\u0119te w tygodniu 41 z wyj\u0105tkiem \u015brody&nbsp; -wakacje jesienne.<\/p>\n\n\n\n<p>&#8211; Rozszerzone zebranie rady parafialnej zwo\u0142ane jest na \u015brode 15.10.25 o godz 17 w pokoju nauczycielskim. Wszyscy przewodnicz\u0105cy grup i ich zast\u0119pcy zaproszeni s\u0105 do wzi\u0119cia udzia\u0142u.<\/p>\n\n\n\n<p>-Po Sumie o godz 11 zapraszamy na kaw\u0119 do krypty.<\/p>\n\n\n\n<p><\/p>\n","protected":false},"excerpt":{"rendered":"<p>-We wtorek 7.10. obchodzimy&nbsp; \u015bwi\u0119to Matko Boskiej R\u00f3\u017ca\u0144cowej a tak\u017ce rocznic\u0119 utworzenia kongregacji si\u00f3str Matki Teresy. Adoracja i r\u00f3\u017caniec w<\/p>\n","protected":false},"author":3,"featured_media":0,"comment_status":"closed","ping_status":"closed","sticky":false,"template":"","format":"standard","meta":{"colormag_page_container_layout":"default_layout","colormag_page_sidebar_layout":"default_layout","_exactmetrics_skip_tracking":false,"_exactmetrics_sitenote_active":false,"_exactmetrics_sitenote_note":"","_exactmetrics_sitenote_category":0,"footnotes":""},"categories":[5],"tags":[],"class_list":["post-29644","post","type-post","status-publish","format-standard","hentry","category-polski"],"_links":{"self":[{"href":"https:\/\/bergen.katolsk.no\/index.php?rest_route=\/wp\/v2\/posts\/29644","targetHints":{"allow":["GET"]}}],"collection":[{"href":"https:\/\/bergen.katolsk.no\/index.php?rest_route=\/wp\/v2\/posts"}],"about":[{"href":"https:\/\/bergen.katolsk.no\/index.php?rest_route=\/wp\/v2\/types\/post"}],"author":[{"embeddable":true,"href":"https:\/\/bergen.katolsk.no\/index.php?rest_route=\/wp\/v2\/users\/3"}],"replies":[{"embeddable":true,"href":"https:\/\/bergen.katolsk.no\/index.php?rest_route=%2Fwp%2Fv2%2Fcomments&post=29644"}],"version-history":[{"count":3,"href":"https:\/\/bergen.katolsk.no\/index.php?rest_route=\/wp\/v2\/posts\/29644\/revisions"}],"predecessor-version":[{"id":29651,"href":"https:\/\/bergen.katolsk.no\/index.php?rest_route=\/wp\/v2\/posts\/29644\/revisions\/29651"}],"wp:attachment":[{"href":"https:\/\/bergen.katolsk.no\/index.php?rest_route=%2Fwp%2Fv2%2Fmedia&parent=29644"}],"wp:term":[{"taxonomy":"category","embeddable":true,"href":"https:\/\/bergen.katolsk.no\/index.php?rest_route=%2Fwp%2Fv2%2Fcategories&post=29644"},{"taxonomy":"post_tag","embeddable":true,"href":"https:\/\/bergen.katolsk.no\/index.php?rest_route=%2Fwp%2Fv2%2Ftags&post=29644"}],"curies":[{"name":"wp","href":"https:\/\/api.w.org\/{rel}","templated":true}]}}