{"id":29646,"date":"2025-10-10T18:20:47","date_gmt":"2025-10-10T18:20:47","guid":{"rendered":"https:\/\/bergen.katolsk.no\/?p=29646"},"modified":"2025-10-02T18:21:36","modified_gmt":"2025-10-02T18:21:36","slug":"ogloszeni-parafialne-niedziela-12-pazdziernika-2025","status":"publish","type":"post","link":"https:\/\/bergen.katolsk.no\/?p=29646","title":{"rendered":"OG\u0141OSZENI PARAFIALNE niedziela 12 pa\u017adziernika 2025"},"content":{"rendered":"\n<p>&#8211; W poiedzia\u0142ek 13.10. \u015bwi\u0119etujemy objawienia fatimskie. Film w audytorium o godz 18, msza \u015awieta po norwesku o godz 19.00. po czym kawa w wpokoju nauczycielskim nt objawie\u0144 fatimskich i nabo\u017ce\u0144stwa pierwszej soboty miesi\u0105ca.<\/p>\n\n\n\n<p>-R\u00f3wnie\u017c w poniedzia\u0142ek 13.10 poniedzialkkowa kawa w Krypcie po MSzy Swi\u0119tej o godz 11ej.<\/p>\n\n\n\n<p>-Jesienny kurs przygotowuj\u0105cy do ma\u0142\u017ce\u0144stwa rozpoczyna sie te\u017c w poniedzia\u0142ek 13.10 o godz 18 na 4 pi\u0119trze.<\/p>\n\n\n\n<p>&#8211; Rozszerzone zebranie rady parfialnej zwo\u0142ane jest na \u015brode 15.10.25 o godz 17 w pokoju nauczycielskim. Wszyscy przewodnicz\u0105cy gru i ich zast\u0119pcy zaproszeni s\u0105 do wzi\u0119cia udzia\u0142u.<\/p>\n\n\n\n<p>&#8211; W czwartek 17.10. pami\u0105tka Chrztu \u015awi\u0119tego Olafa. Uroczysta Msza \u015awi\u0119ta w j\u0119zyku norweskim o godz 18,00 po czym spotkanie w krypcie. Zapraszamy wszystkich wiernych! Swi\u0119ty Olaf to patron wszystkich katolik\u00f3w w Norwegii.<\/p>\n\n\n\n<p>=Grupa bibljna zaparasza na kolejne spotkanie w czwartek 23.10. godz 19:45-22:00 w pokoju nauczycielskim. Wi\u0119cej informacji na plakacie.<\/p>\n\n\n\n<p>-Po Sumie o godz 11 zapraszamy na kw\u0119 do krypty.<br><\/p>\n","protected":false},"excerpt":{"rendered":"<p>&#8211; W poiedzia\u0142ek 13.10. \u015bwi\u0119etujemy objawienia fatimskie. Film w audytorium o godz 18, msza \u015awieta po norwesku o godz 19.00.<\/p>\n","protected":false},"author":3,"featured_media":0,"comment_status":"closed","ping_status":"closed","sticky":false,"template":"","format":"standard","meta":{"colormag_page_container_layout":"default_layout","colormag_page_sidebar_layout":"default_layout","_exactmetrics_skip_tracking":false,"_exactmetrics_sitenote_active":false,"_exactmetrics_sitenote_note":"","_exactmetrics_sitenote_category":0,"footnotes":""},"categories":[5],"tags":[],"class_list":["post-29646","post","type-post","status-publish","format-standard","hentry","category-polski"],"_links":{"self":[{"href":"https:\/\/bergen.katolsk.no\/index.php?rest_route=\/wp\/v2\/posts\/29646","targetHints":{"allow":["GET"]}}],"collection":[{"href":"https:\/\/bergen.katolsk.no\/index.php?rest_route=\/wp\/v2\/posts"}],"about":[{"href":"https:\/\/bergen.katolsk.no\/index.php?rest_route=\/wp\/v2\/types\/post"}],"author":[{"embeddable":true,"href":"https:\/\/bergen.katolsk.no\/index.php?rest_route=\/wp\/v2\/users\/3"}],"replies":[{"embeddable":true,"href":"https:\/\/bergen.katolsk.no\/index.php?rest_route=%2Fwp%2Fv2%2Fcomments&post=29646"}],"version-history":[{"count":2,"href":"https:\/\/bergen.katolsk.no\/index.php?rest_route=\/wp\/v2\/posts\/29646\/revisions"}],"predecessor-version":[{"id":29648,"href":"https:\/\/bergen.katolsk.no\/index.php?rest_route=\/wp\/v2\/posts\/29646\/revisions\/29648"}],"wp:attachment":[{"href":"https:\/\/bergen.katolsk.no\/index.php?rest_route=%2Fwp%2Fv2%2Fmedia&parent=29646"}],"wp:term":[{"taxonomy":"category","embeddable":true,"href":"https:\/\/bergen.katolsk.no\/index.php?rest_route=%2Fwp%2Fv2%2Fcategories&post=29646"},{"taxonomy":"post_tag","embeddable":true,"href":"https:\/\/bergen.katolsk.no\/index.php?rest_route=%2Fwp%2Fv2%2Ftags&post=29646"}],"curies":[{"name":"wp","href":"https:\/\/api.w.org\/{rel}","templated":true}]}}