{"id":29658,"date":"2025-10-13T14:17:59","date_gmt":"2025-10-13T14:17:59","guid":{"rendered":"https:\/\/bergen.katolsk.no\/?p=29658"},"modified":"2025-10-13T14:42:26","modified_gmt":"2025-10-13T14:42:26","slug":"blaskilt-avduking-15-10-2025-ved-biskop-fredrik","status":"publish","type":"post","link":"https:\/\/bergen.katolsk.no\/?p=29658","title":{"rendered":"Bl\u00e5skilt-avduking 15.10.2025 ved biskop Fredrik"},"content":{"rendered":"\n<figure class=\"wp-block-image alignleft size-full is-resized\"><a href=\"https:\/\/bergen.katolsk.no\/wp-content\/uploads\/2025\/10\/BlaskiltiNorge_1000px.jpg\"><img loading=\"lazy\" decoding=\"async\" width=\"1000\" height=\"882\" src=\"https:\/\/bergen.katolsk.no\/wp-content\/uploads\/2025\/10\/BlaskiltiNorge_1000px.jpg\" alt=\"\" class=\"wp-image-29665\" style=\"width:325px;height:auto\" srcset=\"https:\/\/bergen.katolsk.no\/wp-content\/uploads\/2025\/10\/BlaskiltiNorge_1000px.jpg 1000w, https:\/\/bergen.katolsk.no\/wp-content\/uploads\/2025\/10\/BlaskiltiNorge_1000px-300x265.jpg 300w, https:\/\/bergen.katolsk.no\/wp-content\/uploads\/2025\/10\/BlaskiltiNorge_1000px-768x677.jpg 768w\" sizes=\"auto, (max-width: 1000px) 100vw, 1000px\" \/><\/a><\/figure>\n\n\n\n<p>Onsdag 15.10.2025 klokken 15.00-15.30 vil biskop Fredrik Hansen avduke&nbsp;et minnesmerke som sier at Bygningene p\u00e5 Florida (St. Paul gymnas) har f\u00e5tt bl\u00e5 skilt status.&nbsp;<\/p>\n\n\n\n<p>Bl\u00e5skilt&nbsp;i Norge <a href=\"https:\/\/eur01.safelinks.protection.outlook.com\/?url=https%3A%2F%2Fwww.blaaskilt.no%2F&amp;data=05%7C02%7CMelanie.Binek%40katolsk.no%7C7fc7b79f7b104467727208de0a4869a5%7Cad74fffa08bb480d939a496b7603f45d%7C0%7C0%7C638959503306730527%7CUnknown%7CTWFpbGZsb3d8eyJFbXB0eU1hcGkiOnRydWUsIlYiOiIwLjAuMDAwMCIsIlAiOiJXaW4zMiIsIkFOIjoiTWFpbCIsIldUIjoyfQ%3D%3D%7C0%7C%7C%7C&amp;sdata=gdcQMzDi1mugDwfiDExggbp%2BH4solVgU54ZkMqF0wZI%3D&amp;reserved=0\">https:\/\/www.blaaskilt.no\/<\/a>&nbsp;&nbsp;forteller kulturhistorie i kortform etter en felles&nbsp;skiltstandard som markerer viktige kulturminner og kulturmilj\u00f8er over hele landet.<\/p>\n\n\n\n<p>Avdukingen vil foreg\u00e5r utend\u00f8rs ved hovedinngangen til St. Paul gymnas i Nyg\u00e5rdsgaten 124. F\u00f8rstelektor ved NLA Peder Solberg vil si noe om St. Franciscus-Xavierius-s\u00f8strenes og byggets betydning for det bergenske helsesvesenet.&nbsp;<\/p>\n","protected":false},"excerpt":{"rendered":"<p>Onsdag 15.10.2025 klokken 15.00-15.30 vil biskop Fredrik Hansen avduke&nbsp;et minnesmerke som sier at Bygningene p\u00e5 Florida (St. Paul gymnas) har<\/p>\n","protected":false},"author":12,"featured_media":0,"comment_status":"closed","ping_status":"closed","sticky":false,"template":"","format":"standard","meta":{"colormag_page_container_layout":"default_layout","colormag_page_sidebar_layout":"default_layout","_exactmetrics_skip_tracking":false,"_exactmetrics_sitenote_active":false,"_exactmetrics_sitenote_note":"","_exactmetrics_sitenote_category":0,"footnotes":""},"categories":[1],"tags":[],"class_list":["post-29658","post","type-post","status-publish","format-standard","hentry","category-aktuelt"],"_links":{"self":[{"href":"https:\/\/bergen.katolsk.no\/index.php?rest_route=\/wp\/v2\/posts\/29658","targetHints":{"allow":["GET"]}}],"collection":[{"href":"https:\/\/bergen.katolsk.no\/index.php?rest_route=\/wp\/v2\/posts"}],"about":[{"href":"https:\/\/bergen.katolsk.no\/index.php?rest_route=\/wp\/v2\/types\/post"}],"author":[{"embeddable":true,"href":"https:\/\/bergen.katolsk.no\/index.php?rest_route=\/wp\/v2\/users\/12"}],"replies":[{"embeddable":true,"href":"https:\/\/bergen.katolsk.no\/index.php?rest_route=%2Fwp%2Fv2%2Fcomments&post=29658"}],"version-history":[{"count":3,"href":"https:\/\/bergen.katolsk.no\/index.php?rest_route=\/wp\/v2\/posts\/29658\/revisions"}],"predecessor-version":[{"id":29666,"href":"https:\/\/bergen.katolsk.no\/index.php?rest_route=\/wp\/v2\/posts\/29658\/revisions\/29666"}],"wp:attachment":[{"href":"https:\/\/bergen.katolsk.no\/index.php?rest_route=%2Fwp%2Fv2%2Fmedia&parent=29658"}],"wp:term":[{"taxonomy":"category","embeddable":true,"href":"https:\/\/bergen.katolsk.no\/index.php?rest_route=%2Fwp%2Fv2%2Fcategories&post=29658"},{"taxonomy":"post_tag","embeddable":true,"href":"https:\/\/bergen.katolsk.no\/index.php?rest_route=%2Fwp%2Fv2%2Ftags&post=29658"}],"curies":[{"name":"wp","href":"https:\/\/api.w.org\/{rel}","templated":true}]}}