{"id":29677,"date":"2025-10-17T14:37:26","date_gmt":"2025-10-17T14:37:26","guid":{"rendered":"https:\/\/bergen.katolsk.no\/?p=29677"},"modified":"2025-10-24T12:06:54","modified_gmt":"2025-10-24T12:06:54","slug":"kunngjoringer-sondag-19-okt-2025","status":"publish","type":"post","link":"https:\/\/bergen.katolsk.no\/?p=29677","title":{"rendered":"KUNNGJ\u00d8RINGER S\u00d8NDAG 19. OKT 2025"},"content":{"rendered":"\n<figure class=\"wp-block-image size-full\"><a href=\"https:\/\/bergen.katolsk.no\/wp-content\/uploads\/2025\/01\/St.-paul-Kirke2.jpg\"><img loading=\"lazy\" decoding=\"async\" width=\"425\" height=\"640\" src=\"https:\/\/bergen.katolsk.no\/wp-content\/uploads\/2025\/01\/St.-paul-Kirke2.jpg\" alt=\"\" class=\"wp-image-28572\" srcset=\"https:\/\/bergen.katolsk.no\/wp-content\/uploads\/2025\/01\/St.-paul-Kirke2.jpg 425w, https:\/\/bergen.katolsk.no\/wp-content\/uploads\/2025\/01\/St.-paul-Kirke2-199x300.jpg 199w\" sizes=\"auto, (max-width: 425px) 100vw, 425px\" \/><\/a><\/figure>\n\n\n\n<p>&#8211; I dag, (19. okt.) er det misjonss\u00f8ndag. Kollekten g\u00e5r til de pavelige misjonsverkene. Informasjon p\u00e5 missionordica.org.<\/p>\n\n\n\n<p>&#8211; <strong>St. Paul kirke er stengt<\/strong> fra og med i morgen, mandag, 20.&nbsp;okt. tom. fredag 24. okt. grunnet oppussing av kirkebenkene. Alle andakter og rosenkranser faller bort. Messene flyttes til krypten. F\u00f8lg med p\u00e5 hjemmesiden ang. fredagsmessen.<\/p>\n\n\n\n<p>&#8211; Alle ungdommer er invitert med p\u00e5 sosial tur opp Fl\u00f8yen torsdag, 23. okt. Oppm\u00f8te kl. 17 utenfor Kirken. Tilbake igjen til \u00e5 delta p\u00e5 messen kl. 19. Ta med egen mat og drikke.<\/p>\n\n\n\n<p>&#8211; Bibelgruppen, som leser og snakker om et kapittel i Lukasevangeliet, m\u00f8tes torsdag, 23. oktober, kl. 19:45-22:00 p\u00e5 skolens personalrom. Se plakat for mer informasjon.<\/p>\n\n\n\n<p>&#8211; Fredag, 31. okt. inviterer vi familier med barn og ungdom til feiring av Allehelgensaften. Vi oppfordrer b\u00e5de de unge og de voksne til \u00e5 komme utkledd som en bestemt helgen. Oppm\u00f8te i Krypten kl. 16.30 til sang\u00f8ving. Messe kl. 17. Ta med mat som du vil dele med de andre til festen etterp\u00e5. Det blir sang og musikk, lek og aktiviteter.<\/p>\n\n\n\n<p>&#8211; Alle som har ansvar for grupper i menigheten (gruppeledere, korledere, kateketer etc.) m\u00e5 gjennomf\u00f8re et brannvernkurs. For de gruppelederne som ikke deltok p\u00e5 v\u00e5rens brannvern-kurs, arrangeres det et nytt kurs torsdag, 30. okt. kl. 18-18:45 p\u00e5 St. Paul skoles personalrom.<\/p>\n\n\n\n<p>&#8211; Er du ny i St. Paul menighet eller har du glemt \u00e5 melde deg inn i den katolske kirken i Norge? Dette kan du enten gj\u00f8re <a href=\"https:\/\/services.katolsk.no\/registrering\/\" target=\"_blank\" rel=\"noreferrer noopener\">elektronisk p\u00e5 katolsk.no<\/a> eller ved hjelp av innmeldingsskjemaene som ligger bak i kirken og ved utgangen p\u00e5 Maria-siden. Disse kan leveres p\u00e5 menighetskontoret eller sakristiet. Registreringen koster ingenting, men kirken f\u00e5r et tilskudd fra staten for hvert innmeldt medlem. Medlemmene f\u00e5r gratis tilsendt katolske blader og informasjon ang. katekese for 1. Kommunion og Konfirmasjon.<\/p>\n\n\n\n<p>&#8211; S\u00f8knadsfrist til St. Paul skole er 15. november. Det gjelder opptak til 1. og 8. klasse.<\/p>\n\n\n\n<p>&#8212;&#8212;&#8212;&#8212;&#8212;&#8212;&#8212;&#8212;&#8212;&#8212;&#8212;&#8212;&#8212;&#8212;&#8212;&#8212;&#8212;&#8212;&#8212;&#8212;&#8212;&#8212;&#8212;<\/p>\n\n\n\n<p><em>Etter h\u00f8ymessen<\/em> er alle hjertelig velkommen til kirkekaffe i Krypten.<\/p>\n\n\n\n<p><\/p>\n","protected":false},"excerpt":{"rendered":"<p>&#8211; I dag, (19. okt.) er det misjonss\u00f8ndag. Kollekten g\u00e5r til de pavelige misjonsverkene. Informasjon p\u00e5 missionordica.org. &#8211; St. Paul<\/p>\n","protected":false},"author":12,"featured_media":0,"comment_status":"closed","ping_status":"closed","sticky":false,"template":"","format":"standard","meta":{"colormag_page_container_layout":"default_layout","colormag_page_sidebar_layout":"default_layout","_exactmetrics_skip_tracking":false,"_exactmetrics_sitenote_active":false,"_exactmetrics_sitenote_note":"","_exactmetrics_sitenote_category":0,"footnotes":""},"categories":[1],"tags":[],"class_list":["post-29677","post","type-post","status-publish","format-standard","hentry","category-aktuelt"],"_links":{"self":[{"href":"https:\/\/bergen.katolsk.no\/index.php?rest_route=\/wp\/v2\/posts\/29677","targetHints":{"allow":["GET"]}}],"collection":[{"href":"https:\/\/bergen.katolsk.no\/index.php?rest_route=\/wp\/v2\/posts"}],"about":[{"href":"https:\/\/bergen.katolsk.no\/index.php?rest_route=\/wp\/v2\/types\/post"}],"author":[{"embeddable":true,"href":"https:\/\/bergen.katolsk.no\/index.php?rest_route=\/wp\/v2\/users\/12"}],"replies":[{"embeddable":true,"href":"https:\/\/bergen.katolsk.no\/index.php?rest_route=%2Fwp%2Fv2%2Fcomments&post=29677"}],"version-history":[{"count":3,"href":"https:\/\/bergen.katolsk.no\/index.php?rest_route=\/wp\/v2\/posts\/29677\/revisions"}],"predecessor-version":[{"id":29683,"href":"https:\/\/bergen.katolsk.no\/index.php?rest_route=\/wp\/v2\/posts\/29677\/revisions\/29683"}],"wp:attachment":[{"href":"https:\/\/bergen.katolsk.no\/index.php?rest_route=%2Fwp%2Fv2%2Fmedia&parent=29677"}],"wp:term":[{"taxonomy":"category","embeddable":true,"href":"https:\/\/bergen.katolsk.no\/index.php?rest_route=%2Fwp%2Fv2%2Fcategories&post=29677"},{"taxonomy":"post_tag","embeddable":true,"href":"https:\/\/bergen.katolsk.no\/index.php?rest_route=%2Fwp%2Fv2%2Ftags&post=29677"}],"curies":[{"name":"wp","href":"https:\/\/api.w.org\/{rel}","templated":true}]}}