{"id":29679,"date":"2025-10-17T15:46:29","date_gmt":"2025-10-17T15:46:29","guid":{"rendered":"https:\/\/bergen.katolsk.no\/?p=29679"},"modified":"2025-10-28T20:05:39","modified_gmt":"2025-10-28T20:05:39","slug":"ogloszenia-parafialne-niedziela-19pazdziernika-2025","status":"publish","type":"post","link":"https:\/\/bergen.katolsk.no\/?p=29679","title":{"rendered":"OG\u0141OSZENIA PARAFIALNE niedziela 19pa\u017adziernika 2025"},"content":{"rendered":"\n<p>&#8211; Dzis 19 pa\u017cdziernika Niedziela Misyjna. Taca przeznaczona jest w calo\u015bci na papieskie dzie\u0142o misyjne. W\u0119cej informacji <a href=\"https:\/\/www.ppoomm.va\/en\/chi-siamo\/le-origini-delle-pontificie-opere-missionarie.htm\">tutaj<\/a> &nbsp;<\/p>\n\n\n\n<p>W zwi\u0105zku z renowacj\u0105 \u0142awek w ko\u015bciele \u015awi\u0119tego Paw\u0142a wtygodniu 43, b\u0119dzie on zamkni\u0119ty od poniedia\u0142ku 20.10. do pi\u0105tku 24.10. Bano\u017ce\u0144stwa r\u00f3\u017ca\u0144coe i Adoracje nie odb\u0119d\u0105 si\u0119 w tym tygodniu. Nast\u0119pujace MSze \u015awi\u0119te b\u0119d\u0105 odprawiane w Krypcie. pon 20.10 o 11.00 i 19.00, wtorek o 19.00, \u015broda o 17 i 19.0 i czwartek o 19.00. Miejsce odprawienia Mszy \u015awi\u0119tej wieczornej w pi\u0105tek 24.10. podamy p\u00f3\u017aniej. Prosz\u0119 sprawdza\u0107 na stronie parafii&nbsp;<a href=\"https:\/\/bergen.katolsk.no\/\">bergen\/katolsk.no<\/a><\/p>\n\n\n\n<p>&#8211; W czwartek 23.10. zapraszamy m\u0142odziez na wycieczke na F\u00f8yen w. Spotykamy sie wprzed ko\u015bcio\u0142em o godz 17.00 i wracamy na Msz\u0119 \u015awi\u0119ta o godz 19.00. Zabierzcie z sob\u0105 jedzenie i picie.<\/p>\n\n\n\n<p>Grupa bibljna zaprasza na kolejne spotkanie w czwartek 23.10. godz 19:45-22:00 w pokoju nauczycielskim. Wi\u0119cej informacji na plakacie<\/p>\n\n\n\n<p>-W pi\u0105tek 31.1o. zapraszamy dzieci i rodzic\u00f3w na \u015bwi\u0119towanie Wszystkich \u015awietych. Zach\u0119camy do przebrania sie za jakiego\u015b \u015bwi\u0119tego \u2013 \u015bwiet\u0105. Zaczynamy w Krypv=cie o 16.30 \/ \u015bpiewanie, Msza \u015awieta o 17.00. Prosimyo o przyniesienie kostium\u00f3w oraz jedzienia.<\/p>\n\n\n\n<p>&#8211; OSoby ospowiedzialne za gruy parafialne (grupy narodowe, ch\u00f3ry, katecheci) s\u0105 zobowiazane do odbycia kursu przeciwpo\u017carowego. Nowy kurs odb\u0119dzie sie w czwartek 30. 10. o godz 18 &#8211; 18.45 w pokoju nauczycielskim.<\/p>\n\n\n\n<p> Jesli jeste\u015b nowy\/-a w w naszej parafii albo jeszcze si\u0119 nie zarerjestrowa\u0142e\u015b\/-\u0142a\u015b w ko\u015bciele katolickim w Norwegii? Zarejestruj si\u0119 elektronicznie na stronach <a href=\"https:\/\/services.katolsk.no\/registrering\/?s=915\">katolsk.no<\/a> albo skorzystaj z formularza, kt\u00f3ry le\u017cy z ty\u0142u ko\u015bcio\u0142a i przy wej\u015bciu od strony Maryi. Wype\u0142niony formulaarz nale\u017cy odda\u0107 w biurze parafialnym lub w zakrystii. Rejestracja nic nie kosztuje, ale ko\u015bci\u00f3\u0142 otrzymuje dotacj\u0119 od pa\u0144stwa na ka\u017cdego zarejestrowanego. Zarejestrowani cz\u0142onkowie Ko\u015bcio\u0142a otrzymuj\u0105 informacje nt Pierwszej Komunii, Bierzmowania itp.<\/p>\n\n\n\n<p>&#8211; Termin&nbsp; sk\u0142adania poda\u0144 do St. Paul skole na rok szkolny 2026\/7- do klas 1 i 8 up\u0142yw w dniu 15. listopada 2025. &#8211; Po Sumie o godz 11 zapraszamy na kaw\u0119 do Krypty<\/p>\n\n\n\n<p><\/p>\n","protected":false},"excerpt":{"rendered":"<p>&#8211; Dzis 19 pa\u017cdziernika Niedziela Misyjna. Taca przeznaczona jest w calo\u015bci na papieskie dzie\u0142o misyjne. W\u0119cej informacji tutaj &nbsp; W<\/p>\n","protected":false},"author":3,"featured_media":0,"comment_status":"closed","ping_status":"closed","sticky":false,"template":"","format":"standard","meta":{"colormag_page_container_layout":"default_layout","colormag_page_sidebar_layout":"default_layout","_exactmetrics_skip_tracking":false,"_exactmetrics_sitenote_active":false,"_exactmetrics_sitenote_note":"","_exactmetrics_sitenote_category":0,"footnotes":""},"categories":[5],"tags":[],"class_list":["post-29679","post","type-post","status-publish","format-standard","hentry","category-polski"],"_links":{"self":[{"href":"https:\/\/bergen.katolsk.no\/index.php?rest_route=\/wp\/v2\/posts\/29679","targetHints":{"allow":["GET"]}}],"collection":[{"href":"https:\/\/bergen.katolsk.no\/index.php?rest_route=\/wp\/v2\/posts"}],"about":[{"href":"https:\/\/bergen.katolsk.no\/index.php?rest_route=\/wp\/v2\/types\/post"}],"author":[{"embeddable":true,"href":"https:\/\/bergen.katolsk.no\/index.php?rest_route=\/wp\/v2\/users\/3"}],"replies":[{"embeddable":true,"href":"https:\/\/bergen.katolsk.no\/index.php?rest_route=%2Fwp%2Fv2%2Fcomments&post=29679"}],"version-history":[{"count":2,"href":"https:\/\/bergen.katolsk.no\/index.php?rest_route=\/wp\/v2\/posts\/29679\/revisions"}],"predecessor-version":[{"id":29715,"href":"https:\/\/bergen.katolsk.no\/index.php?rest_route=\/wp\/v2\/posts\/29679\/revisions\/29715"}],"wp:attachment":[{"href":"https:\/\/bergen.katolsk.no\/index.php?rest_route=%2Fwp%2Fv2%2Fmedia&parent=29679"}],"wp:term":[{"taxonomy":"category","embeddable":true,"href":"https:\/\/bergen.katolsk.no\/index.php?rest_route=%2Fwp%2Fv2%2Fcategories&post=29679"},{"taxonomy":"post_tag","embeddable":true,"href":"https:\/\/bergen.katolsk.no\/index.php?rest_route=%2Fwp%2Fv2%2Ftags&post=29679"}],"curies":[{"name":"wp","href":"https:\/\/api.w.org\/{rel}","templated":true}]}}