{"id":29684,"date":"2025-10-20T11:48:21","date_gmt":"2025-10-20T11:48:21","guid":{"rendered":"https:\/\/bergen.katolsk.no\/?p=29684"},"modified":"2025-10-20T11:48:21","modified_gmt":"2025-10-20T11:48:21","slug":"norvegia-catholica-en-samlingsplass-pa-nettet","status":"publish","type":"post","link":"https:\/\/bergen.katolsk.no\/?p=29684","title":{"rendered":"Norvegia Catholica &#8211; en samlingsplass p\u00e5 nettet"},"content":{"rendered":"\n<p>Dette er en samlingsplass p\u00e5 nettet for katolikker og andre som er interessert som finnes p\u00e5 Discord &#8211; en kommunikasjonsplattform. Her er mulighet for skriftlig kommunikasjon og ogs\u00e5 \u00e5 snakke direkte med andre. <\/p>\n\n\n\n<p>For tiden samles mange til felles rosenkrans og b\u00f8nn kl 20,30 hver kveld.<\/p>\n\n\n\n<p>Vil du v\u00e6re med m\u00e5 du laste ned Discordappen og opprette bruker eller bruke Discord vha nettleseren: <a href=\"https:\/\/discord.com\/\">https:\/\/discord.com\/<\/a><\/p>\n\n\n\n<p>Invitasjonslink for \u00e5 komme inn i gruppen: <a href=\"http:\/\/discord.gg\/hKv3Nwwkuq\" target=\"_blank\" rel=\"noreferrer noopener\">discord.gg\/hKv3Nwwkuq<\/a><\/p>\n\n\n\n<figure class=\"wp-block-image size-large\"><a href=\"https:\/\/bergen.katolsk.no\/wp-content\/uploads\/2025\/10\/Norvegia_Catholica_plakat-scaled.jpg\"><img loading=\"lazy\" decoding=\"async\" width=\"724\" height=\"1024\" src=\"https:\/\/bergen.katolsk.no\/wp-content\/uploads\/2025\/10\/Norvegia_Catholica_plakat-724x1024.jpg\" alt=\"\" class=\"wp-image-29685\" srcset=\"https:\/\/bergen.katolsk.no\/wp-content\/uploads\/2025\/10\/Norvegia_Catholica_plakat-724x1024.jpg 724w, https:\/\/bergen.katolsk.no\/wp-content\/uploads\/2025\/10\/Norvegia_Catholica_plakat-212x300.jpg 212w, https:\/\/bergen.katolsk.no\/wp-content\/uploads\/2025\/10\/Norvegia_Catholica_plakat-768x1086.jpg 768w, https:\/\/bergen.katolsk.no\/wp-content\/uploads\/2025\/10\/Norvegia_Catholica_plakat-1086x1536.jpg 1086w, https:\/\/bergen.katolsk.no\/wp-content\/uploads\/2025\/10\/Norvegia_Catholica_plakat-1448x2048.jpg 1448w, https:\/\/bergen.katolsk.no\/wp-content\/uploads\/2025\/10\/Norvegia_Catholica_plakat-scaled.jpg 1810w\" sizes=\"auto, (max-width: 724px) 100vw, 724px\" \/><\/a><\/figure>\n","protected":false},"excerpt":{"rendered":"<p>Dette er en samlingsplass p\u00e5 nettet for katolikker og andre som er interessert som finnes p\u00e5 Discord &#8211; en kommunikasjonsplattform.<\/p>\n","protected":false},"author":6,"featured_media":0,"comment_status":"closed","ping_status":"closed","sticky":false,"template":"","format":"standard","meta":{"colormag_page_container_layout":"default_layout","colormag_page_sidebar_layout":"default_layout","_exactmetrics_skip_tracking":false,"_exactmetrics_sitenote_active":false,"_exactmetrics_sitenote_note":"","_exactmetrics_sitenote_category":0,"footnotes":""},"categories":[1],"tags":[],"class_list":["post-29684","post","type-post","status-publish","format-standard","hentry","category-aktuelt"],"_links":{"self":[{"href":"https:\/\/bergen.katolsk.no\/index.php?rest_route=\/wp\/v2\/posts\/29684","targetHints":{"allow":["GET"]}}],"collection":[{"href":"https:\/\/bergen.katolsk.no\/index.php?rest_route=\/wp\/v2\/posts"}],"about":[{"href":"https:\/\/bergen.katolsk.no\/index.php?rest_route=\/wp\/v2\/types\/post"}],"author":[{"embeddable":true,"href":"https:\/\/bergen.katolsk.no\/index.php?rest_route=\/wp\/v2\/users\/6"}],"replies":[{"embeddable":true,"href":"https:\/\/bergen.katolsk.no\/index.php?rest_route=%2Fwp%2Fv2%2Fcomments&post=29684"}],"version-history":[{"count":2,"href":"https:\/\/bergen.katolsk.no\/index.php?rest_route=\/wp\/v2\/posts\/29684\/revisions"}],"predecessor-version":[{"id":29687,"href":"https:\/\/bergen.katolsk.no\/index.php?rest_route=\/wp\/v2\/posts\/29684\/revisions\/29687"}],"wp:attachment":[{"href":"https:\/\/bergen.katolsk.no\/index.php?rest_route=%2Fwp%2Fv2%2Fmedia&parent=29684"}],"wp:term":[{"taxonomy":"category","embeddable":true,"href":"https:\/\/bergen.katolsk.no\/index.php?rest_route=%2Fwp%2Fv2%2Fcategories&post=29684"},{"taxonomy":"post_tag","embeddable":true,"href":"https:\/\/bergen.katolsk.no\/index.php?rest_route=%2Fwp%2Fv2%2Ftags&post=29684"}],"curies":[{"name":"wp","href":"https:\/\/api.w.org\/{rel}","templated":true}]}}