{"id":29695,"date":"2025-10-24T11:51:26","date_gmt":"2025-10-24T11:51:26","guid":{"rendered":"https:\/\/bergen.katolsk.no\/?p=29695"},"modified":"2025-10-31T14:47:28","modified_gmt":"2025-10-31T14:47:28","slug":"kveldsmesse-fredag-24-10-2025-kl-19","status":"publish","type":"post","link":"https:\/\/bergen.katolsk.no\/?p=29695","title":{"rendered":"Kveldsmesse fredag, 24.10.2025 kl. 19"},"content":{"rendered":"\n<figure class=\"wp-block-image size-full\"><a href=\"https:\/\/bergen.katolsk.no\/wp-content\/uploads\/2025\/01\/St.-paul-Kirke2.jpg\"><img loading=\"lazy\" decoding=\"async\" width=\"425\" height=\"640\" src=\"https:\/\/bergen.katolsk.no\/wp-content\/uploads\/2025\/01\/St.-paul-Kirke2.jpg\" alt=\"\" class=\"wp-image-28572\" srcset=\"https:\/\/bergen.katolsk.no\/wp-content\/uploads\/2025\/01\/St.-paul-Kirke2.jpg 425w, https:\/\/bergen.katolsk.no\/wp-content\/uploads\/2025\/01\/St.-paul-Kirke2-199x300.jpg 199w\" sizes=\"auto, (max-width: 425px) 100vw, 425px\" \/><\/a><\/figure>\n\n\n\n<p>Kveldsmessen feires i dag (fredag, 24.10. kl. 19:00) i kapellet i Presteg\u00e5rden (menighetshuset). M\u00f8t opp kl. 19:00 foran menighetskontorets d\u00f8r. Dom Gregor kommer til \u00e5 m\u00f8te dere der og f\u00f8rer dere til kapellet.<\/p>\n\n\n\n<p>NB: Kirken er fremdeles stengt i dag. Det samme gjelder krypten som er satt i stand for skolens SOS-fest i morgen, l\u00f8rdag, 25.10.2025. <\/p>\n","protected":false},"excerpt":{"rendered":"<p>Kveldsmessen feires i dag (fredag, 24.10. kl. 19:00) i kapellet i Presteg\u00e5rden (menighetshuset). M\u00f8t opp kl. 19:00 foran menighetskontorets d\u00f8r.<\/p>\n","protected":false},"author":12,"featured_media":0,"comment_status":"closed","ping_status":"closed","sticky":false,"template":"","format":"standard","meta":{"colormag_page_container_layout":"default_layout","colormag_page_sidebar_layout":"default_layout","_exactmetrics_skip_tracking":false,"_exactmetrics_sitenote_active":false,"_exactmetrics_sitenote_note":"","_exactmetrics_sitenote_category":0,"footnotes":""},"categories":[1],"tags":[],"class_list":["post-29695","post","type-post","status-publish","format-standard","hentry","category-aktuelt"],"_links":{"self":[{"href":"https:\/\/bergen.katolsk.no\/index.php?rest_route=\/wp\/v2\/posts\/29695","targetHints":{"allow":["GET"]}}],"collection":[{"href":"https:\/\/bergen.katolsk.no\/index.php?rest_route=\/wp\/v2\/posts"}],"about":[{"href":"https:\/\/bergen.katolsk.no\/index.php?rest_route=\/wp\/v2\/types\/post"}],"author":[{"embeddable":true,"href":"https:\/\/bergen.katolsk.no\/index.php?rest_route=\/wp\/v2\/users\/12"}],"replies":[{"embeddable":true,"href":"https:\/\/bergen.katolsk.no\/index.php?rest_route=%2Fwp%2Fv2%2Fcomments&post=29695"}],"version-history":[{"count":3,"href":"https:\/\/bergen.katolsk.no\/index.php?rest_route=\/wp\/v2\/posts\/29695\/revisions"}],"predecessor-version":[{"id":29701,"href":"https:\/\/bergen.katolsk.no\/index.php?rest_route=\/wp\/v2\/posts\/29695\/revisions\/29701"}],"wp:attachment":[{"href":"https:\/\/bergen.katolsk.no\/index.php?rest_route=%2Fwp%2Fv2%2Fmedia&parent=29695"}],"wp:term":[{"taxonomy":"category","embeddable":true,"href":"https:\/\/bergen.katolsk.no\/index.php?rest_route=%2Fwp%2Fv2%2Fcategories&post=29695"},{"taxonomy":"post_tag","embeddable":true,"href":"https:\/\/bergen.katolsk.no\/index.php?rest_route=%2Fwp%2Fv2%2Ftags&post=29695"}],"curies":[{"name":"wp","href":"https:\/\/api.w.org\/{rel}","templated":true}]}}