{"id":29698,"date":"2025-10-24T12:03:43","date_gmt":"2025-10-24T12:03:43","guid":{"rendered":"https:\/\/bergen.katolsk.no\/?p=29698"},"modified":"2025-10-24T19:01:07","modified_gmt":"2025-10-24T19:01:07","slug":"kunngjoringer-sondag-26-okt-2025","status":"publish","type":"post","link":"https:\/\/bergen.katolsk.no\/?p=29698","title":{"rendered":"KUNNGJ\u00d8RINGER S\u00d8NDAG 26. OKT 2025"},"content":{"rendered":"\n<figure class=\"wp-block-image size-full\"><a href=\"https:\/\/bergen.katolsk.no\/wp-content\/uploads\/2025\/01\/St.-paul-Kirke2.jpg\"><img loading=\"lazy\" decoding=\"async\" width=\"425\" height=\"640\" src=\"https:\/\/bergen.katolsk.no\/wp-content\/uploads\/2025\/01\/St.-paul-Kirke2.jpg\" alt=\"\" class=\"wp-image-28572\" srcset=\"https:\/\/bergen.katolsk.no\/wp-content\/uploads\/2025\/01\/St.-paul-Kirke2.jpg 425w, https:\/\/bergen.katolsk.no\/wp-content\/uploads\/2025\/01\/St.-paul-Kirke2-199x300.jpg 199w\" sizes=\"auto, (max-width: 425px) 100vw, 425px\" \/><\/a><\/figure>\n\n\n\n<p>&#8211; Et nytt digitalt fellesskap for katolikker i Norge er lansert: Norvegia Catholica p\u00e5 Discord. Der samles troende fra hele landet til daglig rosenkrans, katolske nyheter, samtaler om troen og nettverk med andre som tjener Kirken. Se mer informasjon p\u00e5 plakater, flyers og hjemmesiden.<\/p>\n\n\n\n<p>&#8211; Fredag, 31. okt. inviterer vi familier med barn og ungdom til feiring av Allehelgensaften. Vi oppfordrer b\u00e5de de unge og de voksne til \u00e5 komme utkledd som en bestemt helgen. Oppm\u00f8te i Krypten kl. 16.30 til sang\u00f8ving. Messe kl. 17. Ta med mat som du vil dele med de andre til festen etterp\u00e5. Det blir sang og musikk, lek og aktiviteter.<\/p>\n\n\n\n<p>&#8211; L\u00f8rdag, 1. nov. holder Erik Andvik et foredrag kl. 13 p\u00e5 personalrommet med tittelen \u00abJesus, inkarnasjonen og frelsen\u00bb. Foredraget er \u00e5pent for alle.<\/p>\n\n\n\n<p>&#8211; L\u00f8rdag, den <strong>1. november<\/strong> er <strong>Allehelgensdag<\/strong>. Messer p\u00e5 Marias Minde kl. 10 p\u00e5 polsk og kl. 12 p\u00e5 norsk; i St. Paul kirke kl. 12 norsk konfirmantmesse, kl. 15 p\u00e5 polsk, kl. 18 norsk h\u00f8ymesse og kl. 19.30 polsk messe.<\/p>\n\n\n\n<p>&#8211; L\u00f8rdag, 1. nov er det ogs\u00e5 F\u00f8rstel\u00f8rdagsandakt kl. 17.<\/p>\n\n\n\n<p>&#8211; S\u00f8ndag, den <strong>2. november<\/strong> er det <strong>Alle sjelers dag<\/strong>. Da ber Kirken for alle avd\u00f8de. Alle messene blir feiret som rekviemmesse. Familiemessen kl. 13 f\u00f8lges av en kort samling i krypten slik at de som vil, kan rekke bes\u00f8k p\u00e5 gravplassen etterp\u00e5.<\/p>\n\n\n\n<p>&#8211; Vi bes\u00f8ker gravene p\u00e5 <strong>M\u00f8llendal kirkeg\u00e5rd kl. 15<\/strong>. Vi m\u00f8tes foran kapellene kl.&nbsp;15 og g\u00e5r s\u00e5 den vante runden og ber for v\u00e5re avd\u00f8de og velsigner gravene.<\/p>\n\n\n\n<p>&#8211; <strong>Messestipender<\/strong> til \u00ab<strong>Alle sjelers dag<\/strong>\u00bb kan leveres i konvolutt med navn p\u00e5 de avd\u00f8de som det skal bes for, sammen med stipendiet inne i konvolutten. Konvoluttene finner du bak i kirken. De kan leveres til menighetskontoret eller i sakristiet.<\/p>\n\n\n\n<p>&#8211; Gruppen \u00abMaria, Alle hjerters Dronning\u00bb inviterer alle som vil, til \u00e5 starte forberedelser til konsekrasjon til Jesus gjennom Jomfru Maria, p\u00e5 samling tirsdag 4. nov etter kveldsmessen p\u00e5 personalrommet p\u00e5 skolen. Se plakat for mer informasjon.<\/p>\n\n\n\n<p>&#8211; Er du ny i St. Paul menighet eller har du glemt \u00e5 melde deg inn i den katolske kirken i Norge? Dette kan du enten gj\u00f8re elektronisk p\u00e5 katolsk.no eller ved hjelp av innmeldingsskjemaene som ligger bak i kirken og ved utgangen p\u00e5 Maria-siden. Registreringen er gratis og medf\u00f8rer ingen utgifter, men Kirken f\u00e5r et tilskudd fra staten for hvert innmeldt medlem.<\/p>\n\n\n\n<p>&#8211; S\u00f8knadsfrist til St. Paul skole er 15. november. Det gjelder opptak til 1. og 8. klasse.<\/p>\n\n\n\n<p>&#8212;&#8212;&#8212;&#8212;&#8212;&#8212;&#8212;&#8212;&#8212;&#8212;&#8212;&#8212;&#8212;&#8212;&#8212;&#8212;&#8212;&#8212;&#8212;&#8212;&#8212;&#8212;&#8212;<\/p>\n\n\n\n<p><em>Etter h\u00f8ymessen<\/em> er alle hjertelig velkommen til kirkekaffe i Krypten.<\/p>\n","protected":false},"excerpt":{"rendered":"<p>&#8211; Et nytt digitalt fellesskap for katolikker i Norge er lansert: Norvegia Catholica p\u00e5 Discord. Der samles troende fra hele<\/p>\n","protected":false},"author":12,"featured_media":0,"comment_status":"closed","ping_status":"closed","sticky":false,"template":"","format":"standard","meta":{"colormag_page_container_layout":"default_layout","colormag_page_sidebar_layout":"default_layout","_exactmetrics_skip_tracking":false,"_exactmetrics_sitenote_active":false,"_exactmetrics_sitenote_note":"","_exactmetrics_sitenote_category":0,"footnotes":""},"categories":[4],"tags":[],"class_list":["post-29698","post","type-post","status-publish","format-standard","hentry","category-kunngjoring"],"_links":{"self":[{"href":"https:\/\/bergen.katolsk.no\/index.php?rest_route=\/wp\/v2\/posts\/29698","targetHints":{"allow":["GET"]}}],"collection":[{"href":"https:\/\/bergen.katolsk.no\/index.php?rest_route=\/wp\/v2\/posts"}],"about":[{"href":"https:\/\/bergen.katolsk.no\/index.php?rest_route=\/wp\/v2\/types\/post"}],"author":[{"embeddable":true,"href":"https:\/\/bergen.katolsk.no\/index.php?rest_route=\/wp\/v2\/users\/12"}],"replies":[{"embeddable":true,"href":"https:\/\/bergen.katolsk.no\/index.php?rest_route=%2Fwp%2Fv2%2Fcomments&post=29698"}],"version-history":[{"count":1,"href":"https:\/\/bergen.katolsk.no\/index.php?rest_route=\/wp\/v2\/posts\/29698\/revisions"}],"predecessor-version":[{"id":29699,"href":"https:\/\/bergen.katolsk.no\/index.php?rest_route=\/wp\/v2\/posts\/29698\/revisions\/29699"}],"wp:attachment":[{"href":"https:\/\/bergen.katolsk.no\/index.php?rest_route=%2Fwp%2Fv2%2Fmedia&parent=29698"}],"wp:term":[{"taxonomy":"category","embeddable":true,"href":"https:\/\/bergen.katolsk.no\/index.php?rest_route=%2Fwp%2Fv2%2Fcategories&post=29698"},{"taxonomy":"post_tag","embeddable":true,"href":"https:\/\/bergen.katolsk.no\/index.php?rest_route=%2Fwp%2Fv2%2Ftags&post=29698"}],"curies":[{"name":"wp","href":"https:\/\/api.w.org\/{rel}","templated":true}]}}