{"id":29834,"date":"2025-12-05T09:54:45","date_gmt":"2025-12-05T09:54:45","guid":{"rendered":"https:\/\/bergen.katolsk.no\/?p=29834"},"modified":"2025-12-05T10:34:12","modified_gmt":"2025-12-05T10:34:12","slug":"kom-la-oss-lope","status":"publish","type":"post","link":"https:\/\/bergen.katolsk.no\/?p=29834","title":{"rendered":"Kom, la oss l\u00f8pe!"},"content":{"rendered":"\n<p><\/p>\n\n\n\n<figure class=\"wp-block-image alignleft size-full is-resized\"><img loading=\"lazy\" decoding=\"async\" width=\"860\" height=\"1022\" src=\"https:\/\/bergen.katolsk.no\/wp-content\/uploads\/2025\/12\/Kom-la-oss-lope.jpg\" alt=\"\" class=\"wp-image-29843\" style=\"aspect-ratio:0.8415020219526286;width:497px;height:auto\" srcset=\"https:\/\/bergen.katolsk.no\/wp-content\/uploads\/2025\/12\/Kom-la-oss-lope.jpg 860w, https:\/\/bergen.katolsk.no\/wp-content\/uploads\/2025\/12\/Kom-la-oss-lope-252x300.jpg 252w, https:\/\/bergen.katolsk.no\/wp-content\/uploads\/2025\/12\/Kom-la-oss-lope-768x913.jpg 768w\" sizes=\"auto, (max-width: 860px) 100vw, 860px\" \/><\/figure>\n\n\n\n<p>Anne Samuelsen fra v\u00e5r menighet har skrevet en bok om karmelittisk spiritualitet. Les intervju med henne om boken <a href=\"https:\/\/ewtn.no\/kom-la-oss-lope-anne-samuelsen-apner-doren-til-karmelittisk-spiritualitet\/\" target=\"_blank\" rel=\"noreferrer noopener\">her.<\/a> <\/p>\n\n\n\n<p>Du kan h\u00f8re henne fortelle om boken i en episode av &#8220;Karmels hage&#8221; hos EWTN Norge <a href=\"https:\/\/ewtn.no\/karmels-hage-kom-la-oss-lope-bok-om-karmelittisk-spiritualitet\/\" target=\"_blank\" rel=\"noreferrer noopener\">her.<\/a><\/p>\n\n\n\n<p>Det vil v\u00e6re mulig \u00e5 kj\u00f8pe boken p\u00e5 menighetskontoret mellom 12.00 og 13.00  s\u00f8ndag 7. desember.<\/p>\n","protected":false},"excerpt":{"rendered":"<p>Anne Samuelsen fra v\u00e5r menighet har skrevet en bok om karmelittisk spiritualitet. Les intervju med henne om boken her. Du<\/p>\n","protected":false},"author":6,"featured_media":0,"comment_status":"closed","ping_status":"closed","sticky":false,"template":"","format":"standard","meta":{"colormag_page_container_layout":"default_layout","colormag_page_sidebar_layout":"default_layout","_exactmetrics_skip_tracking":false,"_exactmetrics_sitenote_active":false,"_exactmetrics_sitenote_note":"","_exactmetrics_sitenote_category":0,"footnotes":""},"categories":[1],"tags":[],"class_list":["post-29834","post","type-post","status-publish","format-standard","hentry","category-aktuelt"],"_links":{"self":[{"href":"https:\/\/bergen.katolsk.no\/index.php?rest_route=\/wp\/v2\/posts\/29834","targetHints":{"allow":["GET"]}}],"collection":[{"href":"https:\/\/bergen.katolsk.no\/index.php?rest_route=\/wp\/v2\/posts"}],"about":[{"href":"https:\/\/bergen.katolsk.no\/index.php?rest_route=\/wp\/v2\/types\/post"}],"author":[{"embeddable":true,"href":"https:\/\/bergen.katolsk.no\/index.php?rest_route=\/wp\/v2\/users\/6"}],"replies":[{"embeddable":true,"href":"https:\/\/bergen.katolsk.no\/index.php?rest_route=%2Fwp%2Fv2%2Fcomments&post=29834"}],"version-history":[{"count":4,"href":"https:\/\/bergen.katolsk.no\/index.php?rest_route=\/wp\/v2\/posts\/29834\/revisions"}],"predecessor-version":[{"id":29845,"href":"https:\/\/bergen.katolsk.no\/index.php?rest_route=\/wp\/v2\/posts\/29834\/revisions\/29845"}],"wp:attachment":[{"href":"https:\/\/bergen.katolsk.no\/index.php?rest_route=%2Fwp%2Fv2%2Fmedia&parent=29834"}],"wp:term":[{"taxonomy":"category","embeddable":true,"href":"https:\/\/bergen.katolsk.no\/index.php?rest_route=%2Fwp%2Fv2%2Fcategories&post=29834"},{"taxonomy":"post_tag","embeddable":true,"href":"https:\/\/bergen.katolsk.no\/index.php?rest_route=%2Fwp%2Fv2%2Ftags&post=29834"}],"curies":[{"name":"wp","href":"https:\/\/api.w.org\/{rel}","templated":true}]}}