{"id":29854,"date":"2025-12-05T14:59:32","date_gmt":"2025-12-05T14:59:32","guid":{"rendered":"https:\/\/bergen.katolsk.no\/?p=29854"},"modified":"2025-12-06T11:59:03","modified_gmt":"2025-12-06T11:59:03","slug":"kunngjoringer-sondag-07-des-2025","status":"publish","type":"post","link":"https:\/\/bergen.katolsk.no\/?p=29854","title":{"rendered":"KUNNGJ\u00d8RINGER S\u00d8NDAG 07. DES 2025"},"content":{"rendered":"\n<figure class=\"wp-block-image size-full\"><a href=\"https:\/\/bergen.katolsk.no\/wp-content\/uploads\/2025\/01\/St.-paul-Kirke2.jpg\"><img loading=\"lazy\" decoding=\"async\" width=\"425\" height=\"640\" src=\"https:\/\/bergen.katolsk.no\/wp-content\/uploads\/2025\/01\/St.-paul-Kirke2.jpg\" alt=\"\" class=\"wp-image-28572\" srcset=\"https:\/\/bergen.katolsk.no\/wp-content\/uploads\/2025\/01\/St.-paul-Kirke2.jpg 425w, https:\/\/bergen.katolsk.no\/wp-content\/uploads\/2025\/01\/St.-paul-Kirke2-199x300.jpg 199w\" sizes=\"auto, (max-width: 425px) 100vw, 425px\" \/><\/a><\/figure>\n\n\n\n<p>&#8211; P\u00e5 alle adventss\u00f8ndager inviterer vi til \u00e5 be rosenkransen kl. 08.30 i St. Paul kirke.<\/p>\n\n\n\n<p>&#8211; S\u00f8ndag, 7. des. kl. 13 er det familiemesse med utvidet samling i Krypten etterp\u00e5. Det blir aktiviteter og program for hele familien og informasjon om adventsaksjonen.<\/p>\n\n\n\n<p>&#8211; Trenger du en \u00e5ndelig julegave? Menighetskontoret er \u00e5pent for julehandel s\u00f8ndag, 7. og 14. des. mellom kl. 12-13.<\/p>\n\n\n\n<p>&#8211; Vi inviterer til mandagskaffe mandag, 8. og 15. desember etter morgenmessen kl. 11.<\/p>\n\n\n\n<p>&#8211; Mandag, 8. des. feires Marias uplettede unnfangelse med norsk h\u00f8ymesse kl. 19. Etter messen er alle velkommen til \u00e5 v\u00e6re til stede n\u00e5r noen skal gj\u00f8re sin konsekrasjon til Jesus gjennom Maria, og det blir s\u00e5 kirkekaffe p\u00e5 skolens personalrom.<\/p>\n\n\n\n<p>&#8211; Onsdag, 10. des. kl. 19 feires det messe p\u00e5 Marias Minde for familiene i menigheten v\u00e5r. Anledningen er at kapellet har f\u00e5tt relikvier fra den salige familien Ulma. For mer informasjon se brosjyrer bak i kirken.<\/p>\n\n\n\n<p>&#8211; Etter kveldsmessen torsdag 11.desember blir det sakra-mentstilbedelse med lovsang der flere musikere deltar. Det vil vare til kl. 21.30.<\/p>\n\n\n\n<p>&#8211; Torsdag, 11. des. m\u00f8tes Bibelgruppen ca. kl. 19:45 p\u00e5 skolens personalrom (etter messen).<\/p>\n\n\n\n<p>&#8211; L\u00f8rdag, 13. des. inviterer vi til Luciafeiring med messe kl.&nbsp;12 p\u00e5 Marias Minde. Barna kan stille i hvite kl\u00e6r, glitter og elektriske h\u00e5ndholdte lys. Vi spiser lussekatter sammen etterp\u00e5. Ta gjerne med noen.<\/p>\n\n\n\n<p>&#8211; S\u00f8ndag, 14. des. kl. 13 blir det Adventsandakt p\u00e5 Fl\u00f8yen ved v\u00e5r sogneprest. Det er mulig \u00e5 f\u00e5 billetter til Fl\u00f8ibanen av sognepresten.<\/p>\n\n\n\n<p>&#8211; Noen unge katolske menn i menigheten starter et katolsk guttekollektiv med felles b\u00f8nn og bibelstunder fra 1. Januar. De har fortsatt ledige rom. Ved interesse, ta kontakt p\u00e5 mail <a href=\"mailto:bendiksw1@gmail.com\">bendiksw1@gmail.com<\/a>.&nbsp;<\/p>\n\n\n\n<p>&#8211; Siste mulighet for \u00e5 svare p\u00e5 sp\u00f8rreunders\u00f8kelsen om katolikker i Norge er onsdag, 17. desember! Lenker og informasjon finnes p\u00e5 norsk, engelsk og polsk p\u00e5 menighetens hjemmeside.<\/p>\n\n\n\n<ul class=\"wp-block-list\">\n<li><strong>Sp\u00f8rreunders\u00f8kelsen p\u00e5 norsk:&nbsp;<\/strong><strong><a href=\"https:\/\/eur01.safelinks.protection.outlook.com\/?url=https%3A%2F%2Fforms.office.com%2Fe%2FrK1jz1jrMg&amp;data=05%7C02%7Cbergen%40katolsk.no%7C43b368f9a29946a3d80208de30b692f8%7Cad74fffa08bb480d939a496b7603f45d%7C0%7C0%7C639001757931533956%7CUnknown%7CTWFpbGZsb3d8eyJFbXB0eU1hcGkiOnRydWUsIlYiOiIwLjAuMDAwMCIsIlAiOiJXaW4zMiIsIkFOIjoiTWFpbCIsIldUIjoyfQ%3D%3D%7C0%7C%7C%7C&amp;sdata=S0SKjB3kKZzwnimXzwX%2BMcUNm%2BdFDw8YqLP3xgRwd8c%3D&amp;reserved=0\">https:\/\/forms.office.com\/e\/rK1jz1jrMg<\/a><\/strong><\/li>\n\n\n\n<li><strong>Sp\u00f8rreunders\u00f8kelsen p\u00e5 polsk:&nbsp;<\/strong><strong><a href=\"https:\/\/eur01.safelinks.protection.outlook.com\/?url=https%3A%2F%2Fforms.office.com%2Fe%2Fs7TnuNfDZy&amp;data=05%7C02%7Cbergen%40katolsk.no%7C43b368f9a29946a3d80208de30b692f8%7Cad74fffa08bb480d939a496b7603f45d%7C0%7C0%7C639001757931550076%7CUnknown%7CTWFpbGZsb3d8eyJFbXB0eU1hcGkiOnRydWUsIlYiOiIwLjAuMDAwMCIsIlAiOiJXaW4zMiIsIkFOIjoiTWFpbCIsIldUIjoyfQ%3D%3D%7C0%7C%7C%7C&amp;sdata=oTMRZ%2BHInbDc4i086STFqB0PNXgOXmTo9ISMLSMjSyo%3D&amp;reserved=0\">https:\/\/forms.office.com\/e\/s7TnuNfDZy<\/a><\/strong><\/li>\n\n\n\n<li><strong>Sp\u00f8rreunders\u00f8kelsen p\u00e5 engelsk:&nbsp;<\/strong><strong><a href=\"https:\/\/eur01.safelinks.protection.outlook.com\/?url=https%3A%2F%2Fforms.office.com%2Fe%2F9VsYigxc3B&amp;data=05%7C02%7Cbergen%40katolsk.no%7C43b368f9a29946a3d80208de30b692f8%7Cad74fffa08bb480d939a496b7603f45d%7C0%7C0%7C639001757931565197%7CUnknown%7CTWFpbGZsb3d8eyJFbXB0eU1hcGkiOnRydWUsIlYiOiIwLjAuMDAwMCIsIlAiOiJXaW4zMiIsIkFOIjoiTWFpbCIsIldUIjoyfQ%3D%3D%7C0%7C%7C%7C&amp;sdata=SOLKoCuGo3p2GUq0c%2F3wFchGmiadz%2BHZiK8HA44GA7c%3D&amp;reserved=0\">https:\/\/forms.office.com\/e\/9VsYigxc3B<\/a><\/strong><\/li>\n<\/ul>\n\n\n\n<p>&#8212;&#8212;&#8212;&#8212;&#8212;&#8212;&#8212;&#8212;&#8212;&#8212;&#8212;&#8212;&#8212;&#8212;&#8212;&#8212;&#8212;&#8212;&#8212;&#8212;&#8212;&#8212;&#8212;<\/p>\n\n\n\n<p><em>Etter h\u00f8ymessen<\/em> er alle hjertelig velkommen til kirkekaffe i Krypten.<\/p>\n","protected":false},"excerpt":{"rendered":"<p>&#8211; P\u00e5 alle adventss\u00f8ndager inviterer vi til \u00e5 be rosenkransen kl. 08.30 i St. Paul kirke. &#8211; S\u00f8ndag, 7. des.<\/p>\n","protected":false},"author":12,"featured_media":0,"comment_status":"closed","ping_status":"closed","sticky":false,"template":"","format":"standard","meta":{"colormag_page_container_layout":"default_layout","colormag_page_sidebar_layout":"default_layout","_exactmetrics_skip_tracking":false,"_exactmetrics_sitenote_active":false,"_exactmetrics_sitenote_note":"","_exactmetrics_sitenote_category":0,"footnotes":""},"categories":[4],"tags":[],"class_list":["post-29854","post","type-post","status-publish","format-standard","hentry","category-kunngjoring"],"_links":{"self":[{"href":"https:\/\/bergen.katolsk.no\/index.php?rest_route=\/wp\/v2\/posts\/29854","targetHints":{"allow":["GET"]}}],"collection":[{"href":"https:\/\/bergen.katolsk.no\/index.php?rest_route=\/wp\/v2\/posts"}],"about":[{"href":"https:\/\/bergen.katolsk.no\/index.php?rest_route=\/wp\/v2\/types\/post"}],"author":[{"embeddable":true,"href":"https:\/\/bergen.katolsk.no\/index.php?rest_route=\/wp\/v2\/users\/12"}],"replies":[{"embeddable":true,"href":"https:\/\/bergen.katolsk.no\/index.php?rest_route=%2Fwp%2Fv2%2Fcomments&post=29854"}],"version-history":[{"count":3,"href":"https:\/\/bergen.katolsk.no\/index.php?rest_route=\/wp\/v2\/posts\/29854\/revisions"}],"predecessor-version":[{"id":29867,"href":"https:\/\/bergen.katolsk.no\/index.php?rest_route=\/wp\/v2\/posts\/29854\/revisions\/29867"}],"wp:attachment":[{"href":"https:\/\/bergen.katolsk.no\/index.php?rest_route=%2Fwp%2Fv2%2Fmedia&parent=29854"}],"wp:term":[{"taxonomy":"category","embeddable":true,"href":"https:\/\/bergen.katolsk.no\/index.php?rest_route=%2Fwp%2Fv2%2Fcategories&post=29854"},{"taxonomy":"post_tag","embeddable":true,"href":"https:\/\/bergen.katolsk.no\/index.php?rest_route=%2Fwp%2Fv2%2Ftags&post=29854"}],"curies":[{"name":"wp","href":"https:\/\/api.w.org\/{rel}","templated":true}]}}