{"id":29866,"date":"2025-12-06T11:58:02","date_gmt":"2025-12-06T11:58:02","guid":{"rendered":"https:\/\/bergen.katolsk.no\/?p=29866"},"modified":"2025-12-06T11:58:03","modified_gmt":"2025-12-06T11:58:03","slug":"ogloszenia-parafialne-niedziela-7-grudnia-2025","status":"publish","type":"post","link":"https:\/\/bergen.katolsk.no\/?p=29866","title":{"rendered":"OG\u0141OSZENIA PARAFIALNE niedziela 7 grudnia 2025"},"content":{"rendered":"\n<p>&#8211; We wszystkie niedziele Adwentu zapraszamy na r\u00f3\u017caniec o godz 8.30 w ko\u015bciele \u015aw Paw\u0142a.<\/p>\n\n\n\n<p>&#8211; Niedziela 7 grudnia o godz 13.00 Msza \u015awi\u0119ta dla rodzin po czym rozszerzone spotkanie w Krypcie, zaj\u0119cia dla dzieci i informacja o akcji adwentowej.<\/p>\n\n\n\n<p>Pomys\u0142 na prezent \u015bwi\u0105teczny? Sklepik w biurze parafialnym b\u0119dzie otwarty &nbsp;w niexiele 7 grudnia mi\u0119dzy 12 a 13.<\/p>\n\n\n\n<p>\u2013 Zapraszamy na poniedzia\u0142kow\u0105 kaw\u0119 do Krypty &nbsp;8 i 15 grudnia po Mszy Swi\u0119tej o 11ej.<\/p>\n\n\n\n<p>\u2013 W poniedzia\u0142ek 8 grudnia uroczysto\u015b\u0107 Niepokalanego Pocz\u0119cia Naj\u015bwi\u0119tszej Maryi Panny, uroczysta Msza \u015awi\u0119ta w j\u0119zyku norweskim o godz 19.00. Po Mszy Swi\u0119tej konsekracja os\u00f3b wstepuj\u0105cych na Drog\u0119 do Jezusa przez Maryje. A potem zapraszamy na kaw\u0119 do pokoju nauczycielskiego.<\/p>\n\n\n\n<p>&#8211; W \u015brod\u0119 10 grudnia o godz 19.00 odprawiona zostanie na Marias Minde Msza \u015awi\u0119ta w intencji rodzin w naszej parafii w zwiazku z umieszczeniem w kaplicy na Marias Minde &nbsp;relikwii B\u0142ogos\u0142awionej rodziny Ulm\u00f3w.Wi\u0119cej informacji w broszurze z ty\u0142u ko\u015bcio\u0142a.<\/p>\n\n\n\n<p>&#8211; W czwartek 11 grudnia po Mszy Swi\u0119tej wieczornej Adoracja Naj\u015bwi\u0119tszego Sakramentu z pie\u015bni\u0105 uwielbienia do 21.30<\/p>\n\n\n\n<p>\u2013 Czwartek 11 grudnia Grupa Biblijna spotyka sie o godz 18.45 w pokoju nauczycielskim. (po Mszy Swi\u0119tej)<\/p>\n\n\n\n<p>W nast\u0119pna niedziel\u0119 14 grudnia o godz 13.00 ks proboszcz odprawi nabo\u017ce\u0144stwo adwentowe na Fl\u00f8yen. Zapraszamy. Bilety na Fl\u00f8ybane mozna dosta\u0107 od proboszcza przy dolnym wej\u015bciu.<\/p>\n\n\n\n<p>\u2013 W sobot\u0119 13 grudni zapraszamy na Msz\u0119 \u015awi\u0119ta i festyn \u015awi\u0119tej \u0141ucji na Marias Minde o godz 12.00. Dzieci proszone s\u0105 o przyj\u015bcie w bia\u0142ych strojach, z lampami (led na baterie). Po czym \u201elusekatter\u201d, tradycyjne bu\u0142eczki \u015bwi\u0119tej \u0141ucji \u2013 prosimy o przyniesienie.<\/p>\n\n\n\n<p>\u2013 Nowa grupa m\u0142odych m\u0119\u017cczyzn zaprasza na modlitw\u0119 i czytanie Pisma Swi\u0119tego od 1 stycznia 2026. Zainteresowani proszeni o kontakt majlowy z&nbsp;<a href=\"mailto:bendiksw1@gmail.com\">bendiksw1@gmail.com<\/a>.&nbsp;<\/p>\n\n\n\n<p>&#8211; Termin dpowiedzi na ankiete o katolikach w Norwewgii up\u0142ywa w \u015brode 17 grudnia. Link do ankiety <a href=\"https:\/\/forms.office.com\/pages\/responsepage.aspx?id=Viio_kZlcE2953WymnSIo6vghDaypD9MoaHG8clAHUdUNEtaNE83NExQMFpJQk0xRVE4RFU2Q0xOWC4u&amp;route=shorturl\">tutaj<\/a><\/p>\n\n\n\n<p>Po Sumie o godz 11.00 zapraszamy na kaw\u0119 do Krypty.<\/p>\n\n\n\n<p><\/p>\n","protected":false},"excerpt":{"rendered":"<p>&#8211; We wszystkie niedziele Adwentu zapraszamy na r\u00f3\u017caniec o godz 8.30 w ko\u015bciele \u015aw Paw\u0142a. &#8211; Niedziela 7 grudnia o<\/p>\n","protected":false},"author":3,"featured_media":0,"comment_status":"closed","ping_status":"closed","sticky":false,"template":"","format":"standard","meta":{"colormag_page_container_layout":"default_layout","colormag_page_sidebar_layout":"default_layout","_exactmetrics_skip_tracking":false,"_exactmetrics_sitenote_active":false,"_exactmetrics_sitenote_note":"","_exactmetrics_sitenote_category":0,"footnotes":""},"categories":[5],"tags":[],"class_list":["post-29866","post","type-post","status-publish","format-standard","hentry","category-polski"],"_links":{"self":[{"href":"https:\/\/bergen.katolsk.no\/index.php?rest_route=\/wp\/v2\/posts\/29866","targetHints":{"allow":["GET"]}}],"collection":[{"href":"https:\/\/bergen.katolsk.no\/index.php?rest_route=\/wp\/v2\/posts"}],"about":[{"href":"https:\/\/bergen.katolsk.no\/index.php?rest_route=\/wp\/v2\/types\/post"}],"author":[{"embeddable":true,"href":"https:\/\/bergen.katolsk.no\/index.php?rest_route=\/wp\/v2\/users\/3"}],"replies":[{"embeddable":true,"href":"https:\/\/bergen.katolsk.no\/index.php?rest_route=%2Fwp%2Fv2%2Fcomments&post=29866"}],"version-history":[{"count":1,"href":"https:\/\/bergen.katolsk.no\/index.php?rest_route=\/wp\/v2\/posts\/29866\/revisions"}],"predecessor-version":[{"id":29868,"href":"https:\/\/bergen.katolsk.no\/index.php?rest_route=\/wp\/v2\/posts\/29866\/revisions\/29868"}],"wp:attachment":[{"href":"https:\/\/bergen.katolsk.no\/index.php?rest_route=%2Fwp%2Fv2%2Fmedia&parent=29866"}],"wp:term":[{"taxonomy":"category","embeddable":true,"href":"https:\/\/bergen.katolsk.no\/index.php?rest_route=%2Fwp%2Fv2%2Fcategories&post=29866"},{"taxonomy":"post_tag","embeddable":true,"href":"https:\/\/bergen.katolsk.no\/index.php?rest_route=%2Fwp%2Fv2%2Ftags&post=29866"}],"curies":[{"name":"wp","href":"https:\/\/api.w.org\/{rel}","templated":true}]}}