{"id":30012,"date":"2026-01-19T12:16:34","date_gmt":"2026-01-19T12:16:34","guid":{"rendered":"https:\/\/bergen.katolsk.no\/?p=30012"},"modified":"2026-01-20T16:44:04","modified_gmt":"2026-01-20T16:44:04","slug":"nye-akolytter","status":"publish","type":"post","link":"https:\/\/bergen.katolsk.no\/?p=30012","title":{"rendered":"Nye akolytter"},"content":{"rendered":"\n<figure class=\"wp-block-image size-large\"><a href=\"https:\/\/bergen.katolsk.no\/wp-content\/uploads\/2026\/01\/Akolytter-scaled.jpeg\"><img loading=\"lazy\" decoding=\"async\" width=\"1024\" height=\"911\" src=\"https:\/\/bergen.katolsk.no\/wp-content\/uploads\/2026\/01\/Akolytter-1024x911.jpeg\" alt=\"\" class=\"wp-image-30015\" srcset=\"https:\/\/bergen.katolsk.no\/wp-content\/uploads\/2026\/01\/Akolytter-1024x911.jpeg 1024w, https:\/\/bergen.katolsk.no\/wp-content\/uploads\/2026\/01\/Akolytter-300x267.jpeg 300w, https:\/\/bergen.katolsk.no\/wp-content\/uploads\/2026\/01\/Akolytter-768x683.jpeg 768w, https:\/\/bergen.katolsk.no\/wp-content\/uploads\/2026\/01\/Akolytter-1536x1366.jpeg 1536w, https:\/\/bergen.katolsk.no\/wp-content\/uploads\/2026\/01\/Akolytter-2048x1821.jpeg 2048w\" sizes=\"auto, (max-width: 1024px) 100vw, 1024px\" \/><\/a><\/figure>\n\n\n\n<p>L\u00f8rdag 17. Januar ble Erik Andvik fra v\u00e5r menighet innsatt som akolytt i St Josephs kirke I Oslo.<\/p>\n\n\n\n<p>Akolyttene hjelper presten ved alteret. Innsettelsen er et steg p\u00e5 veien f\u00f8r han blir viet til permanent diakon, sannsynligvis en gang til h\u00f8sten.<\/p>\n\n\n\n<p>De andre to som ble akolytter er Morten Egeberg fra St Laurentius menighet i Drammen og Nicholas Christiansen fra St Birgitta menighet i Fredrikstad.<\/p>\n\n\n\n<p>Be for dem!<\/p>\n\n\n\n<p>Les mer <a href=\"https:\/\/www.katolsk.no\/nyheter\/2026\/01\/biskop-fredrik-beskikket-tre-nye-akolytter\" target=\"_blank\" rel=\"noreferrer noopener\">her.<\/a><\/p>\n\n\n\n<figure class=\"wp-block-image size-large\"><a href=\"https:\/\/bergen.katolsk.no\/wp-content\/uploads\/2026\/01\/Erik-akolyttat.jpg\"><img loading=\"lazy\" decoding=\"async\" width=\"1024\" height=\"473\" src=\"https:\/\/bergen.katolsk.no\/wp-content\/uploads\/2026\/01\/Erik-akolyttat-1024x473.jpg\" alt=\"\" class=\"wp-image-30014\" srcset=\"https:\/\/bergen.katolsk.no\/wp-content\/uploads\/2026\/01\/Erik-akolyttat-1024x473.jpg 1024w, https:\/\/bergen.katolsk.no\/wp-content\/uploads\/2026\/01\/Erik-akolyttat-300x139.jpg 300w, https:\/\/bergen.katolsk.no\/wp-content\/uploads\/2026\/01\/Erik-akolyttat-768x355.jpg 768w, https:\/\/bergen.katolsk.no\/wp-content\/uploads\/2026\/01\/Erik-akolyttat-1536x710.jpg 1536w, https:\/\/bergen.katolsk.no\/wp-content\/uploads\/2026\/01\/Erik-akolyttat.jpg 2048w\" sizes=\"auto, (max-width: 1024px) 100vw, 1024px\" \/><\/a><\/figure>\n\n\n\n<p><\/p>\n","protected":false},"excerpt":{"rendered":"<p>L\u00f8rdag 17. Januar ble Erik Andvik fra v\u00e5r menighet innsatt som akolytt i St Josephs kirke I Oslo. Akolyttene hjelper<\/p>\n","protected":false},"author":6,"featured_media":0,"comment_status":"closed","ping_status":"closed","sticky":false,"template":"","format":"standard","meta":{"colormag_page_container_layout":"default_layout","colormag_page_sidebar_layout":"default_layout","_exactmetrics_skip_tracking":false,"_exactmetrics_sitenote_active":false,"_exactmetrics_sitenote_note":"","_exactmetrics_sitenote_category":0,"footnotes":""},"categories":[1],"tags":[],"class_list":["post-30012","post","type-post","status-publish","format-standard","hentry","category-aktuelt"],"_links":{"self":[{"href":"https:\/\/bergen.katolsk.no\/index.php?rest_route=\/wp\/v2\/posts\/30012","targetHints":{"allow":["GET"]}}],"collection":[{"href":"https:\/\/bergen.katolsk.no\/index.php?rest_route=\/wp\/v2\/posts"}],"about":[{"href":"https:\/\/bergen.katolsk.no\/index.php?rest_route=\/wp\/v2\/types\/post"}],"author":[{"embeddable":true,"href":"https:\/\/bergen.katolsk.no\/index.php?rest_route=\/wp\/v2\/users\/6"}],"replies":[{"embeddable":true,"href":"https:\/\/bergen.katolsk.no\/index.php?rest_route=%2Fwp%2Fv2%2Fcomments&post=30012"}],"version-history":[{"count":3,"href":"https:\/\/bergen.katolsk.no\/index.php?rest_route=\/wp\/v2\/posts\/30012\/revisions"}],"predecessor-version":[{"id":30026,"href":"https:\/\/bergen.katolsk.no\/index.php?rest_route=\/wp\/v2\/posts\/30012\/revisions\/30026"}],"wp:attachment":[{"href":"https:\/\/bergen.katolsk.no\/index.php?rest_route=%2Fwp%2Fv2%2Fmedia&parent=30012"}],"wp:term":[{"taxonomy":"category","embeddable":true,"href":"https:\/\/bergen.katolsk.no\/index.php?rest_route=%2Fwp%2Fv2%2Fcategories&post=30012"},{"taxonomy":"post_tag","embeddable":true,"href":"https:\/\/bergen.katolsk.no\/index.php?rest_route=%2Fwp%2Fv2%2Ftags&post=30012"}],"curies":[{"name":"wp","href":"https:\/\/api.w.org\/{rel}","templated":true}]}}