{"id":30031,"date":"2026-01-23T15:52:19","date_gmt":"2026-01-23T15:52:19","guid":{"rendered":"https:\/\/bergen.katolsk.no\/?p=30031"},"modified":"2026-01-23T15:52:20","modified_gmt":"2026-01-23T15:52:20","slug":"kunngjoringer-sondag-25-jan-2026","status":"publish","type":"post","link":"https:\/\/bergen.katolsk.no\/?p=30031","title":{"rendered":"KUNNGJ\u00d8RINGER S\u00d8NDAG 25. JAN 2026"},"content":{"rendered":"\n<figure class=\"wp-block-image size-full\"><a href=\"https:\/\/bergen.katolsk.no\/wp-content\/uploads\/2025\/01\/St.-paul-Kirke2.jpg\"><img loading=\"lazy\" decoding=\"async\" width=\"425\" height=\"640\" src=\"https:\/\/bergen.katolsk.no\/wp-content\/uploads\/2025\/01\/St.-paul-Kirke2.jpg\" alt=\"\" class=\"wp-image-28572\" srcset=\"https:\/\/bergen.katolsk.no\/wp-content\/uploads\/2025\/01\/St.-paul-Kirke2.jpg 425w, https:\/\/bergen.katolsk.no\/wp-content\/uploads\/2025\/01\/St.-paul-Kirke2-199x300.jpg 199w\" sizes=\"auto, (max-width: 425px) 100vw, 425px\" \/><\/a><\/figure>\n\n\n\n<p>&#8211; Studentgruppen Fides har startet opp igjen. Oppm\u00f8tet etter den engelske messen ca. kl. 19 foran St. Paul kirke.<\/p>\n\n\n\n<p>&#8211; St. Paul kirke stenges fra i morgen, 26. januar frem til 13. mars. Oppussingsarbeidet kommer til \u00e5 koste ganske mye. Vi har derfor opprettet en egen Vipps-kategori under menighetens vipps-nummer #111576 som heter \u00abOppussing St. Paul kirke\u00bb. Sm\u00e5 og store gaver er veldig velkomne!<\/p>\n\n\n\n<p>&#8211; Neste s\u00f8ndag, 01. feb. feires H\u00f8ymessen i Korskirken kl. 11:00. Kl. 13:00 er det familiemesse i Korskirken, kl. 15 polsk messe og kl. 17 engelsk messe. Hverdagsmessene feires i Krypten.<\/p>\n\n\n\n<p>&#8211; Mandag, 02. feb. starter Mandagskaffen opp igjen etter morgenmessen kl. 11 i Krypten. Om kvelden blir det norsk Kyndelsmesse i Krypten kl. 19 med rosenkrans f\u00f8r messen, kl. 18.30. Etter messen inviterer \u00abMaria, Alle Hjerters Dronning\u00bb-gruppen alle til kirkekaffe p\u00e5 personalrommet. Det blir ogs\u00e5 polsk messe kl. 19 p\u00e5 Marias Minde.<\/p>\n\n\n\n<p>&#8211; Har du lyst til \u00e5 gj\u00f8re en innsats for kirken? Vi trenger folk som stiller til menighetsr\u00e5dsvalg! Meld inn din interesse p\u00e5 menighetskontoret eller hos en av prestene.<\/p>\n\n\n\n<p>&#8211; Alle som \u00f8nsker \u00e5 gifte seg katolsk, m\u00e5 g\u00e5 gjennom et forberedende kurs. V\u00e5rens ekteskapskurs har oppstart mandag, 02. mars kl. 18-20 p\u00e5 skolens personalrom og g\u00e5r 4 mandager fremover. P\u00e5melding til menighetskontoret eller til en av prestene.<\/p>\n\n\n\n<p><em>&#8211; Etter h\u00f8ymessen<\/em> er alle hjertelig velkommen til kirkekaffe i Krypten. NB: Under stengingen av kirken er det ingen kirkekaffe etter h\u00f8ymessen.<\/p>\n","protected":false},"excerpt":{"rendered":"<p>&#8211; Studentgruppen Fides har startet opp igjen. Oppm\u00f8tet etter den engelske messen ca. kl. 19 foran St. Paul kirke. &#8211;<\/p>\n","protected":false},"author":12,"featured_media":0,"comment_status":"closed","ping_status":"closed","sticky":false,"template":"","format":"standard","meta":{"colormag_page_container_layout":"default_layout","colormag_page_sidebar_layout":"default_layout","_exactmetrics_skip_tracking":false,"_exactmetrics_sitenote_active":false,"_exactmetrics_sitenote_note":"","_exactmetrics_sitenote_category":0,"footnotes":""},"categories":[4],"tags":[],"class_list":["post-30031","post","type-post","status-publish","format-standard","hentry","category-kunngjoring"],"_links":{"self":[{"href":"https:\/\/bergen.katolsk.no\/index.php?rest_route=\/wp\/v2\/posts\/30031","targetHints":{"allow":["GET"]}}],"collection":[{"href":"https:\/\/bergen.katolsk.no\/index.php?rest_route=\/wp\/v2\/posts"}],"about":[{"href":"https:\/\/bergen.katolsk.no\/index.php?rest_route=\/wp\/v2\/types\/post"}],"author":[{"embeddable":true,"href":"https:\/\/bergen.katolsk.no\/index.php?rest_route=\/wp\/v2\/users\/12"}],"replies":[{"embeddable":true,"href":"https:\/\/bergen.katolsk.no\/index.php?rest_route=%2Fwp%2Fv2%2Fcomments&post=30031"}],"version-history":[{"count":1,"href":"https:\/\/bergen.katolsk.no\/index.php?rest_route=\/wp\/v2\/posts\/30031\/revisions"}],"predecessor-version":[{"id":30032,"href":"https:\/\/bergen.katolsk.no\/index.php?rest_route=\/wp\/v2\/posts\/30031\/revisions\/30032"}],"wp:attachment":[{"href":"https:\/\/bergen.katolsk.no\/index.php?rest_route=%2Fwp%2Fv2%2Fmedia&parent=30031"}],"wp:term":[{"taxonomy":"category","embeddable":true,"href":"https:\/\/bergen.katolsk.no\/index.php?rest_route=%2Fwp%2Fv2%2Fcategories&post=30031"},{"taxonomy":"post_tag","embeddable":true,"href":"https:\/\/bergen.katolsk.no\/index.php?rest_route=%2Fwp%2Fv2%2Ftags&post=30031"}],"curies":[{"name":"wp","href":"https:\/\/api.w.org\/{rel}","templated":true}]}}