{"id":30038,"date":"2026-01-25T16:41:46","date_gmt":"2026-01-25T16:41:46","guid":{"rendered":"https:\/\/bergen.katolsk.no\/?p=30038"},"modified":"2026-01-25T16:43:16","modified_gmt":"2026-01-25T16:43:16","slug":"st-paul-kirke-stengt-pga-oppussing","status":"publish","type":"post","link":"https:\/\/bergen.katolsk.no\/?p=30038","title":{"rendered":"St Paul kirke stengt pga oppussing"},"content":{"rendered":"\n<figure class=\"wp-block-image size-full\"><a href=\"https:\/\/bergen.katolsk.no\/wp-content\/uploads\/2025\/01\/St.-paul-Kirke2.jpg\"><img loading=\"lazy\" decoding=\"async\" width=\"425\" height=\"640\" src=\"https:\/\/bergen.katolsk.no\/wp-content\/uploads\/2025\/01\/St.-paul-Kirke2.jpg\" alt=\"\" class=\"wp-image-28572\" srcset=\"https:\/\/bergen.katolsk.no\/wp-content\/uploads\/2025\/01\/St.-paul-Kirke2.jpg 425w, https:\/\/bergen.katolsk.no\/wp-content\/uploads\/2025\/01\/St.-paul-Kirke2-199x300.jpg 199w\" sizes=\"auto, (max-width: 425px) 100vw, 425px\" \/><\/a><\/figure>\n\n\n\n<p>St. Paul kirke stenges fra 26. januar frem til 13. mars. Det blir endringer i messetidspunkter og steder i perioden kirken er stengt.<\/p>\n\n\n\n<p>Messer i Korskirken p\u00e5 s\u00f8ndager: <br>kl. 11:00. H\u00f8ymesse (Ikke messe p\u00e5 norsk kl 9:00)<br>Kl. 13:00 er det familiemesse i Korskirken 1 februar, de nasjonale messene som pleier \u00e5 v\u00e6re kl 13 i St Paul kirke feires i Korskirken.<br>kl. 15 Messe p\u00e5 polsk <br>kl. 17 Messe p\u00e5 engelsk <\/p>\n\n\n\n<p>Hverdagsmessene feires i Krypten.\u00a0Messe p\u00e5 norsk kl 9:00 p\u00e5 s\u00f8ndager faller bort.<\/p>\n\n\n\n<p>Andre endringer kan dukke opp etterhvert. F\u00f8lg med p\u00e5 hjemmeside og p\u00e5 oppslag!<\/p>\n\n\n\n<p>Oppussingsarbeidet kommer til \u00e5 koste ganske mye. Vi har derfor opprettet en egen Vipps-kategori under menighetens vipps-nummer #111576 som heter \u00abOppussing St. Paul kirke\u00bb. Sm\u00e5 og store gaver er veldig velkomne!<\/p>\n\n\n\n<p><\/p>\n\n\n\n<p><\/p>\n","protected":false},"excerpt":{"rendered":"<p>St. Paul kirke stenges fra 26. januar frem til 13. mars. Det blir endringer i messetidspunkter og steder i perioden<\/p>\n","protected":false},"author":6,"featured_media":0,"comment_status":"closed","ping_status":"closed","sticky":false,"template":"","format":"standard","meta":{"colormag_page_container_layout":"default_layout","colormag_page_sidebar_layout":"default_layout","_exactmetrics_skip_tracking":false,"_exactmetrics_sitenote_active":false,"_exactmetrics_sitenote_note":"","_exactmetrics_sitenote_category":0,"footnotes":""},"categories":[1],"tags":[],"class_list":["post-30038","post","type-post","status-publish","format-standard","hentry","category-aktuelt"],"_links":{"self":[{"href":"https:\/\/bergen.katolsk.no\/index.php?rest_route=\/wp\/v2\/posts\/30038","targetHints":{"allow":["GET"]}}],"collection":[{"href":"https:\/\/bergen.katolsk.no\/index.php?rest_route=\/wp\/v2\/posts"}],"about":[{"href":"https:\/\/bergen.katolsk.no\/index.php?rest_route=\/wp\/v2\/types\/post"}],"author":[{"embeddable":true,"href":"https:\/\/bergen.katolsk.no\/index.php?rest_route=\/wp\/v2\/users\/6"}],"replies":[{"embeddable":true,"href":"https:\/\/bergen.katolsk.no\/index.php?rest_route=%2Fwp%2Fv2%2Fcomments&post=30038"}],"version-history":[{"count":2,"href":"https:\/\/bergen.katolsk.no\/index.php?rest_route=\/wp\/v2\/posts\/30038\/revisions"}],"predecessor-version":[{"id":30040,"href":"https:\/\/bergen.katolsk.no\/index.php?rest_route=\/wp\/v2\/posts\/30038\/revisions\/30040"}],"wp:attachment":[{"href":"https:\/\/bergen.katolsk.no\/index.php?rest_route=%2Fwp%2Fv2%2Fmedia&parent=30038"}],"wp:term":[{"taxonomy":"category","embeddable":true,"href":"https:\/\/bergen.katolsk.no\/index.php?rest_route=%2Fwp%2Fv2%2Fcategories&post=30038"},{"taxonomy":"post_tag","embeddable":true,"href":"https:\/\/bergen.katolsk.no\/index.php?rest_route=%2Fwp%2Fv2%2Ftags&post=30038"}],"curies":[{"name":"wp","href":"https:\/\/api.w.org\/{rel}","templated":true}]}}