{"id":30210,"date":"2026-03-09T15:00:00","date_gmt":"2026-03-09T15:00:00","guid":{"rendered":"https:\/\/bergen.katolsk.no\/?p=30210"},"modified":"2026-03-09T19:00:29","modified_gmt":"2026-03-09T19:00:29","slug":"gratulerer-med-kandidatur","status":"publish","type":"post","link":"https:\/\/bergen.katolsk.no\/?p=30210","title":{"rendered":"Gratulerer med kandidatur!"},"content":{"rendered":"\n<hr class=\"wp-block-separator has-alpha-channel-opacity\"\/>\n\n\n\n<figure class=\"wp-block-image size-full\"><a href=\"https:\/\/bergen.katolsk.no\/wp-content\/uploads\/2026\/03\/Skjermbilde-525.png\"><img loading=\"lazy\" decoding=\"async\" width=\"624\" height=\"763\" src=\"https:\/\/bergen.katolsk.no\/wp-content\/uploads\/2026\/03\/Skjermbilde-525.png\" alt=\"\" class=\"wp-image-30219\" srcset=\"https:\/\/bergen.katolsk.no\/wp-content\/uploads\/2026\/03\/Skjermbilde-525.png 624w, https:\/\/bergen.katolsk.no\/wp-content\/uploads\/2026\/03\/Skjermbilde-525-245x300.png 245w\" sizes=\"auto, (max-width: 624px) 100vw, 624px\" \/><\/a><\/figure>\n\n\n\n<p>Men van Nguyen, tidligere leder i menighetsr\u00e5det i St. Paul menighet, mottok p\u00e5 l\u00f8rdag 7. mars 2026 kandidatur til det permanente diakonat i Oslo katolske bisped\u00f8mme av biskop <a href=\"https:\/\/www.katolsk.no\/biografier\/innenriks\/fhansen\"><\/a>Fredrik Hansen, sammen med Quoc van Nguyen og Stian Erdal. Vi ber for alle som forbereder seg til diakonat.<br><br>Diakonembetet har sin opprinnelse i oldkirken og dens omsorg for de fattige og n\u00f8dlidende i menigheten (jfr. Ap.gj 6,1-6). Senere ble denne tjenesten kun betraktet som et trinn p\u00e5 veien til prestevielsen, men Det annet Vatikankonsil gjeninnf\u00f8rte diakonatet som et permanent embete, \u00e5pent for gifte menn. Den permanente diakonen er del av bisped\u00f8mmets geistlighet. Les mer om diakonatet <a href=\"https:\/\/www.katolsk.no\/nyheter\/2011\/08\/informasjonsmote-om-det-permanente-diakonat\" target=\"_blank\" rel=\"noreferrer noopener\">her<\/a><\/p>\n\n\n\n<p><\/p>\n","protected":false},"excerpt":{"rendered":"<p>Men van Nguyen, tidligere leder i menighetsr\u00e5det i St. Paul menighet, mottok p\u00e5 l\u00f8rdag 7. mars 2026 kandidatur til det<\/p>\n","protected":false},"author":3,"featured_media":0,"comment_status":"closed","ping_status":"closed","sticky":false,"template":"","format":"standard","meta":{"colormag_page_container_layout":"default_layout","colormag_page_sidebar_layout":"default_layout","_exactmetrics_skip_tracking":false,"_exactmetrics_sitenote_active":false,"_exactmetrics_sitenote_note":"","_exactmetrics_sitenote_category":0,"footnotes":""},"categories":[1],"tags":[],"class_list":["post-30210","post","type-post","status-publish","format-standard","hentry","category-aktuelt"],"_links":{"self":[{"href":"https:\/\/bergen.katolsk.no\/index.php?rest_route=\/wp\/v2\/posts\/30210","targetHints":{"allow":["GET"]}}],"collection":[{"href":"https:\/\/bergen.katolsk.no\/index.php?rest_route=\/wp\/v2\/posts"}],"about":[{"href":"https:\/\/bergen.katolsk.no\/index.php?rest_route=\/wp\/v2\/types\/post"}],"author":[{"embeddable":true,"href":"https:\/\/bergen.katolsk.no\/index.php?rest_route=\/wp\/v2\/users\/3"}],"replies":[{"embeddable":true,"href":"https:\/\/bergen.katolsk.no\/index.php?rest_route=%2Fwp%2Fv2%2Fcomments&post=30210"}],"version-history":[{"count":8,"href":"https:\/\/bergen.katolsk.no\/index.php?rest_route=\/wp\/v2\/posts\/30210\/revisions"}],"predecessor-version":[{"id":30230,"href":"https:\/\/bergen.katolsk.no\/index.php?rest_route=\/wp\/v2\/posts\/30210\/revisions\/30230"}],"wp:attachment":[{"href":"https:\/\/bergen.katolsk.no\/index.php?rest_route=%2Fwp%2Fv2%2Fmedia&parent=30210"}],"wp:term":[{"taxonomy":"category","embeddable":true,"href":"https:\/\/bergen.katolsk.no\/index.php?rest_route=%2Fwp%2Fv2%2Fcategories&post=30210"},{"taxonomy":"post_tag","embeddable":true,"href":"https:\/\/bergen.katolsk.no\/index.php?rest_route=%2Fwp%2Fv2%2Ftags&post=30210"}],"curies":[{"name":"wp","href":"https:\/\/api.w.org\/{rel}","templated":true}]}}