{"id":30233,"date":"2026-03-13T12:11:40","date_gmt":"2026-03-13T12:11:40","guid":{"rendered":"https:\/\/bergen.katolsk.no\/?p=30233"},"modified":"2026-03-13T12:14:23","modified_gmt":"2026-03-13T12:14:23","slug":"kunngjoringer-sondag-15-mar-2026","status":"publish","type":"post","link":"https:\/\/bergen.katolsk.no\/?p=30233","title":{"rendered":"KUNNGJ\u00d8RINGER S\u00d8NDAG 15. MAR 2026"},"content":{"rendered":"\n<figure class=\"wp-block-image size-full\"><a href=\"https:\/\/bergen.katolsk.no\/wp-content\/uploads\/2026\/02\/St.-paul-Kirke2.jpg\"><img loading=\"lazy\" decoding=\"async\" width=\"425\" height=\"640\" src=\"https:\/\/bergen.katolsk.no\/wp-content\/uploads\/2026\/02\/St.-paul-Kirke2.jpg\" alt=\"\" class=\"wp-image-30070\" srcset=\"https:\/\/bergen.katolsk.no\/wp-content\/uploads\/2026\/02\/St.-paul-Kirke2.jpg 425w, https:\/\/bergen.katolsk.no\/wp-content\/uploads\/2026\/02\/St.-paul-Kirke2-199x300.jpg 199w\" sizes=\"auto, (max-width: 425px) 100vw, 425px\" \/><\/a><\/figure>\n\n\n\n<p>&#8211; En stor takk til alle som har stilt til dugnad de siste ukene, b\u00e5de i forbindelse med messefeiringer i Korskirken og her under oppussingen. Deres innsats har v\u00e6rt til stor hjelp! Fra og med denne helgen er vi tilbake i St. Paul kirke, og den gamle messe-ordningen for hverdags- og s\u00f8ndagsmesser gjelder igjen.<\/p>\n\n\n\n<p>&#8211; Oppussingen har kostet over tre millioner som menigheten m\u00e5 dekke selv. Mange har gitt penger til oppussingen. Men vi tar gjerne imot flere milde gaver.<\/p>\n\n\n\n<p>&#8211; For at kirken skal kunne holde seg s\u00e5 lys og fin s\u00e5 lenge som mulig, skal lysene ved Mariastatuen bare tennes og settes \u00e9n og \u00e9n. Det er ikke lov \u00e5 tenne flere lys samtidig og sette dem sammen i sanden. Dette soter for mye og tilskitner kirken.<\/p>\n\n\n\n<p>&#8211; Torsdag, 19. mars m\u00f8tes Bibelgruppen igjen etter kveldsmessen (ca. kl. 19:40). Det skal leses Lukasevan-geliets 14. kapittel. Nye deltakere er hjertelig velkomne!<\/p>\n\n\n\n<p>&#8211; Biskop Fredrik inviterer til kallssamling i Oslo for kvinner mellom 18-35 \u00e5r l\u00f8rdag, 28. mars kl. 11-14. Se P\u00e5melding til <a href=\"mailto:okb@katolsk.no\">okb@katolsk.no<\/a>.<\/p>\n\n\n\n<p>&#8211; L\u00f8rdag, 28. mars inviteres menigheten til skriftem\u00e5l i St.&nbsp;Paul kirke fra kl. 16:30-18.<\/p>\n\n\n\n<p>&#8211; Caritas sin fasteaksjon er i gang. Det ligger sm\u00e5 faste-b\u00f8sser bak i kirken som kan tas med hjem for innsamling av penger. St\u00f8tten g\u00e5r til n\u00f8dlidende mennesker som er rammet av fattigdom, sult og utenforskap.<\/p>\n\n\n\n<p>&#8211; 26. april \u2013 1. mai arrangeres kurs for voksne om Den Gode Hyrde Katekese for aldersgruppen 0-3 \u00e5r med kursholder Rebekah Rojcewich fra USA, som er en av dem som har lengst erfaring med Gode Hyrde Katekese. Se plakat for mer informasjon og p\u00e5melding.<\/p>\n\n\n\n<p>&#8211; I forbindelse med kirkejubileet lages det en helt ny jubileumsbok om v\u00e5r menighet. Har du lyst til \u00e5 ha ditt navn i boken p\u00e5 en gratulasjonsliste? Ved \u00e5 vippse minst 400kr som st\u00f8tte for bokproduksjonen, f\u00e5r du senere et eksemplar gratis og signert av sognepresten. Viktig: Velg kategorien \u00abJubileumsbok\u00bb under menighetens vipps-nummer og oppgi navnet\/navnene i tekstfeltet. Se plakat og hjemmeside for mer informasjon.<\/p>\n\n\n\n<p>&#8212;&#8212;&#8212;&#8212;&#8212;&#8212;&#8212;&#8212;&#8212;&#8212;&#8212;&#8212;&#8212;&#8212;&#8212;&#8212;&#8212;&#8212;&#8212;&#8212;&#8212;&#8212;&#8212;&#8211;<\/p>\n\n\n\n<p>Etter h\u00f8ymesssen feirer vi at oppussingen er ferdig og at menigheten er flyttet hjem, med kirkekaffe i Krypten.<\/p>\n","protected":false},"excerpt":{"rendered":"<p>&#8211; En stor takk til alle som har stilt til dugnad de siste ukene, b\u00e5de i forbindelse med messefeiringer i<\/p>\n","protected":false},"author":12,"featured_media":0,"comment_status":"closed","ping_status":"closed","sticky":false,"template":"","format":"standard","meta":{"colormag_page_container_layout":"default_layout","colormag_page_sidebar_layout":"default_layout","_exactmetrics_skip_tracking":false,"_exactmetrics_sitenote_active":false,"_exactmetrics_sitenote_note":"","_exactmetrics_sitenote_category":0,"footnotes":""},"categories":[4],"tags":[],"class_list":["post-30233","post","type-post","status-publish","format-standard","hentry","category-kunngjoring"],"_links":{"self":[{"href":"https:\/\/bergen.katolsk.no\/index.php?rest_route=\/wp\/v2\/posts\/30233","targetHints":{"allow":["GET"]}}],"collection":[{"href":"https:\/\/bergen.katolsk.no\/index.php?rest_route=\/wp\/v2\/posts"}],"about":[{"href":"https:\/\/bergen.katolsk.no\/index.php?rest_route=\/wp\/v2\/types\/post"}],"author":[{"embeddable":true,"href":"https:\/\/bergen.katolsk.no\/index.php?rest_route=\/wp\/v2\/users\/12"}],"replies":[{"embeddable":true,"href":"https:\/\/bergen.katolsk.no\/index.php?rest_route=%2Fwp%2Fv2%2Fcomments&post=30233"}],"version-history":[{"count":1,"href":"https:\/\/bergen.katolsk.no\/index.php?rest_route=\/wp\/v2\/posts\/30233\/revisions"}],"predecessor-version":[{"id":30234,"href":"https:\/\/bergen.katolsk.no\/index.php?rest_route=\/wp\/v2\/posts\/30233\/revisions\/30234"}],"wp:attachment":[{"href":"https:\/\/bergen.katolsk.no\/index.php?rest_route=%2Fwp%2Fv2%2Fmedia&parent=30233"}],"wp:term":[{"taxonomy":"category","embeddable":true,"href":"https:\/\/bergen.katolsk.no\/index.php?rest_route=%2Fwp%2Fv2%2Fcategories&post=30233"},{"taxonomy":"post_tag","embeddable":true,"href":"https:\/\/bergen.katolsk.no\/index.php?rest_route=%2Fwp%2Fv2%2Ftags&post=30233"}],"curies":[{"name":"wp","href":"https:\/\/api.w.org\/{rel}","templated":true}]}}