{"id":30242,"date":"2026-03-14T15:15:34","date_gmt":"2026-03-14T15:15:34","guid":{"rendered":"https:\/\/bergen.katolsk.no\/?p=30242"},"modified":"2026-03-14T15:18:41","modified_gmt":"2026-03-14T15:18:41","slug":"ekstrem-korsvei-2026","status":"publish","type":"post","link":"https:\/\/bergen.katolsk.no\/?p=30242","title":{"rendered":"Ekstrem korsvei 2026"},"content":{"rendered":"\n<figure class=\"wp-block-image size-full\"><a href=\"https:\/\/bergen.katolsk.no\/wp-content\/uploads\/2026\/03\/tn_page_0001.jpg\"><img loading=\"lazy\" decoding=\"async\" width=\"707\" height=\"1000\" src=\"https:\/\/bergen.katolsk.no\/wp-content\/uploads\/2026\/03\/tn_page_0001.jpg\" alt=\"\" class=\"wp-image-30249\" srcset=\"https:\/\/bergen.katolsk.no\/wp-content\/uploads\/2026\/03\/tn_page_0001.jpg 707w, https:\/\/bergen.katolsk.no\/wp-content\/uploads\/2026\/03\/tn_page_0001-212x300.jpg 212w\" sizes=\"auto, (max-width: 707px) 100vw, 707px\" \/><\/a><\/figure>\n\n\n\n<p>Vi begynner med kveldsmesse i St. Paul kirke 27. mars kl 19.00 f\u00f8r vandringen starter.<\/p>\n\n\n\n<p>Mer informasjon om ruten er tilgjengelig p\u00e5\u00a0<a href=\"https:\/\/trasy.edk.org.pl\/no\/areas\/bergen\/route\/zlota-sw-pawla\" target=\"_blank\" rel=\"noreferrer noopener\">https:\/\/trasy.edk.org.pl\/no\/areas\/bergen\/route\/zlota-sw-pawla<\/a>\u00a0(mange nettlesere tilbyr oversettelse av den polske teksten p\u00e5 denne siden). <br>Her finnes ogs\u00e5 mulighet for \u00e5 laste ned app som kan brukes underveis for \u00e5 bl.a se ruten og meditasjonstekster (tilgjengelig p\u00e5 flere spr\u00e5k) <\/p>\n\n\n\n<p>Koordinatoren for Ekstrem Korsvei er Artur \u2013 kontakt: 46580243 (snakker engelsk) \u2013 hvis noen har sp\u00f8rsm\u00e5l om ruten. Sp\u00f8rsm\u00e5l kan ogs\u00e5 sendes til p. Janusz<\/p>\n\n\n\n<iframe\n  src=\"https:\/\/trasy.edk.org.pl\/embed\/areas\/bergen\/route\/zlota-sw-pawla?lang=no\"\n  width=\"650\"\n  height=\"650\"\n  frameborder=\"0\"\n  style=\"border: 1px solid #e2e8f0; border-radius: 8px;\"\n  loading=\"lazy\"\n  title=\"Trasa EDK: Z\u0142ota \u015bw. Paw\u0142a\"\n  allow=\"geolocation\"\n><\/iframe>\n\n\n\n<p><\/p>\n","protected":false},"excerpt":{"rendered":"<p>Vi begynner med kveldsmesse i St. Paul kirke 27. mars kl 19.00 f\u00f8r vandringen starter. Mer informasjon om ruten er<\/p>\n","protected":false},"author":6,"featured_media":0,"comment_status":"closed","ping_status":"closed","sticky":false,"template":"","format":"standard","meta":{"colormag_page_container_layout":"default_layout","colormag_page_sidebar_layout":"default_layout","_exactmetrics_skip_tracking":false,"_exactmetrics_sitenote_active":false,"_exactmetrics_sitenote_note":"","_exactmetrics_sitenote_category":0,"footnotes":""},"categories":[1],"tags":[],"class_list":["post-30242","post","type-post","status-publish","format-standard","hentry","category-aktuelt"],"_links":{"self":[{"href":"https:\/\/bergen.katolsk.no\/index.php?rest_route=\/wp\/v2\/posts\/30242","targetHints":{"allow":["GET"]}}],"collection":[{"href":"https:\/\/bergen.katolsk.no\/index.php?rest_route=\/wp\/v2\/posts"}],"about":[{"href":"https:\/\/bergen.katolsk.no\/index.php?rest_route=\/wp\/v2\/types\/post"}],"author":[{"embeddable":true,"href":"https:\/\/bergen.katolsk.no\/index.php?rest_route=\/wp\/v2\/users\/6"}],"replies":[{"embeddable":true,"href":"https:\/\/bergen.katolsk.no\/index.php?rest_route=%2Fwp%2Fv2%2Fcomments&post=30242"}],"version-history":[{"count":6,"href":"https:\/\/bergen.katolsk.no\/index.php?rest_route=\/wp\/v2\/posts\/30242\/revisions"}],"predecessor-version":[{"id":30253,"href":"https:\/\/bergen.katolsk.no\/index.php?rest_route=\/wp\/v2\/posts\/30242\/revisions\/30253"}],"wp:attachment":[{"href":"https:\/\/bergen.katolsk.no\/index.php?rest_route=%2Fwp%2Fv2%2Fmedia&parent=30242"}],"wp:term":[{"taxonomy":"category","embeddable":true,"href":"https:\/\/bergen.katolsk.no\/index.php?rest_route=%2Fwp%2Fv2%2Fcategories&post=30242"},{"taxonomy":"post_tag","embeddable":true,"href":"https:\/\/bergen.katolsk.no\/index.php?rest_route=%2Fwp%2Fv2%2Ftags&post=30242"}],"curies":[{"name":"wp","href":"https:\/\/api.w.org\/{rel}","templated":true}]}}