{"id":30245,"date":"2026-03-13T17:50:22","date_gmt":"2026-03-13T17:50:22","guid":{"rendered":"https:\/\/bergen.katolsk.no\/?p=30245"},"modified":"2026-03-13T17:50:23","modified_gmt":"2026-03-13T17:50:23","slug":"ogloszenia-parafialne-niedziela-15-marca-2026","status":"publish","type":"post","link":"https:\/\/bergen.katolsk.no\/?p=30245","title":{"rendered":"OG\u0141OSZENIA PARAFIALNE niedziela 15 marca 2026"},"content":{"rendered":"\n<p>Serdecznie dziekujemy wszytkim kt\u00f3rzy wzi\u0119li udzia\u0142 w pracach porz\u0105dkowych w ostatnich tygodniach (dugnad) w zwi\u0105zku z malowaniem Ko\u015bcio\u0142a i celebrowaniem Mszy Swi\u0119tej w Korskirken. \\<\/p>\n\n\n\n<p>&#8211; Od tego weekendu obowi\u0105zuje dawny poorzadek Mszy Swi\u0119tych w ko\u015bciele \u015aw. Paw\u0142a.<\/p>\n\n\n\n<p>&#8211; Remont kosztowa\u0142 3 miliony kt\u00f3re parafia musi op\u0142aci\u0107 z w\u0142asnych funduszy. Wiele os\u00f3b ju\u017c przyczyni\u0142o sie do zbirania tej sumy, ale prosimy\u00a0 dalsze datki.<\/p>\n\n\n\n<p>\u2013 Aby utrzyma\u0107 czysty stan figury Matki Boskiej tak d\u0142ygo jak to mo\u017cliwe prosimy o za\\palanie pojedy\u0144czych \u015bwieczk przed figur\u0105 \/ nie wolno zapala\u0107 wi\u0119cjej ni\u017c jednej \u015bwieczki jednocze\u015bnie &#8211; tylko jedna \u015bwieczka mo\u017ce byc w piasku. Inaczej jest za du\u017co sadzy co skutkuje zabrudzeniem ko\u015bcio\u0142a .<\/p>\n\n\n\n<p>\u2013\u00a0 W czwartek 19 marca grupa Biblijna spotyka si\u0119 po Mszy \u015awi\u0119tej wieczornej ca 19.40, czytamy Ewangelie wg \u015aw \u0141ukasza rodzia\u0142 14. Zapraszamy nowych zainteresowanych.<\/p>\n\n\n\n<p>\u2013 Biskup Fredrik zaprasza kobiety w wieku 18 &#8211; 35 lat na spotkanie powo\u0142aniowe w Oslo w sobote 28 marca w gozinach 11 -14. Zg\u0142oszenia <a href=\"mailto:okb@katolsk.no\">okb@katolsk.no<\/a>.<\/p>\n\n\n\n<p>\u2013 W sobot\u0119 28 marca spowied\u017a w naszej parafii w godzinach 16.30 \u2013 18.00.<\/p>\n\n\n\n<p>\u2013Ruszy\u0142a akcja Wielkopostna Caritasu . Z ty\u0142u ko\u015bcio\u0142aa le\u017c\u0105 puszki do u\u017cytku domowego, Wi\u0119cej o akcji Caritasu\u00a0 <a href=\"https:\/\/caritas.no\/kampanjer\/fasteaksjonen-2026\/\" data-type=\"link\" data-id=\"https:\/\/caritas.no\/kampanjer\/fasteaksjonen-2026\/\">tutaj\u00a0 <\/a><\/p>\n\n\n\n<p>\u2013 W dniach 26 kwietnia do 1 maja organizujemy dla doros\u0142ych\u00a0kurs Katechezy Dobrego Pasterza dla dzieci od 0 \u2013 3 lat. Kurs prowadzi Rebekah Rojcewich zUSA. Wi\u0119cej informacji na plakacie.<\/p>\n\n\n\n<p>\u2013 W zwi\u0105zku z jubileuszem ko\u015bcio\u0142a przygotowywana jest Ksi\u0119ga Jubileuszowa o naszej parafii. Je<a href=\"#_edn1\" id=\"_ednref1\">[i]<\/a>sli chcesz pogratulowa\u0107 i tym samym umie\u015bci\u0107 swoje nazwisko w tabula glatulatoria wp\u0142a\u0107 vippsem co najmniej 400kr jako datek na wydrukowanie ksi\u0105\u017cki a otrzymasz darmowy egemplarzz podisany przez proboszcza. Wa\u017cne : wybierz Jubileumsbok jako kategorie w \u00a0parafialnym Vippsie i wisz swoje nazwiko\/nazwiska w tek\u015bcie. Wi\u0119cej informacji na plakacie na naszej stronie internetowej.<\/p>\n\n\n\n<p>Po Sumie o godz 11 zapraszamy na kaw\u0119 do Krypty \u2013 \u015bwi\u0119tujemy powr\u00f3t do ko\u015bcio\u0142a!<\/p>\n\n\n\n<hr class=\"wp-block-separator has-alpha-channel-opacity\"\/>\n\n\n\n<p><a href=\"#_ednref1\" id=\"_edn1\">[i]<\/a><\/p>\n","protected":false},"excerpt":{"rendered":"<p>Serdecznie dziekujemy wszytkim kt\u00f3rzy wzi\u0119li udzia\u0142 w pracach porz\u0105dkowych w ostatnich tygodniach (dugnad) w zwi\u0105zku z malowaniem Ko\u015bcio\u0142a i celebrowaniem<\/p>\n","protected":false},"author":3,"featured_media":0,"comment_status":"closed","ping_status":"closed","sticky":false,"template":"","format":"standard","meta":{"colormag_page_container_layout":"default_layout","colormag_page_sidebar_layout":"default_layout","_exactmetrics_skip_tracking":false,"_exactmetrics_sitenote_active":false,"_exactmetrics_sitenote_note":"","_exactmetrics_sitenote_category":0,"footnotes":""},"categories":[5],"tags":[],"class_list":["post-30245","post","type-post","status-publish","format-standard","hentry","category-polski"],"_links":{"self":[{"href":"https:\/\/bergen.katolsk.no\/index.php?rest_route=\/wp\/v2\/posts\/30245","targetHints":{"allow":["GET"]}}],"collection":[{"href":"https:\/\/bergen.katolsk.no\/index.php?rest_route=\/wp\/v2\/posts"}],"about":[{"href":"https:\/\/bergen.katolsk.no\/index.php?rest_route=\/wp\/v2\/types\/post"}],"author":[{"embeddable":true,"href":"https:\/\/bergen.katolsk.no\/index.php?rest_route=\/wp\/v2\/users\/3"}],"replies":[{"embeddable":true,"href":"https:\/\/bergen.katolsk.no\/index.php?rest_route=%2Fwp%2Fv2%2Fcomments&post=30245"}],"version-history":[{"count":1,"href":"https:\/\/bergen.katolsk.no\/index.php?rest_route=\/wp\/v2\/posts\/30245\/revisions"}],"predecessor-version":[{"id":30246,"href":"https:\/\/bergen.katolsk.no\/index.php?rest_route=\/wp\/v2\/posts\/30245\/revisions\/30246"}],"wp:attachment":[{"href":"https:\/\/bergen.katolsk.no\/index.php?rest_route=%2Fwp%2Fv2%2Fmedia&parent=30245"}],"wp:term":[{"taxonomy":"category","embeddable":true,"href":"https:\/\/bergen.katolsk.no\/index.php?rest_route=%2Fwp%2Fv2%2Fcategories&post=30245"},{"taxonomy":"post_tag","embeddable":true,"href":"https:\/\/bergen.katolsk.no\/index.php?rest_route=%2Fwp%2Fv2%2Ftags&post=30245"}],"curies":[{"name":"wp","href":"https:\/\/api.w.org\/{rel}","templated":true}]}}