{"id":30255,"date":"2026-03-15T18:18:50","date_gmt":"2026-03-15T18:18:50","guid":{"rendered":"https:\/\/bergen.katolsk.no\/?p=30255"},"modified":"2026-03-15T19:20:51","modified_gmt":"2026-03-15T19:20:51","slug":"i-dag-15-mars-er-vi-tilbake-i-var-kirke","status":"publish","type":"post","link":"https:\/\/bergen.katolsk.no\/?p=30255","title":{"rendered":"I dag \u2013 15. mars- er vi tilbake i kirken v\u00e5r!"},"content":{"rendered":"\n<figure class=\"wp-block-image size-large\"><a href=\"https:\/\/bergen.katolsk.no\/wp-content\/uploads\/2026\/03\/20260315_110655.jpg\"><img loading=\"lazy\" decoding=\"async\" width=\"1024\" height=\"1024\" src=\"https:\/\/bergen.katolsk.no\/wp-content\/uploads\/2026\/03\/20260315_110655-1024x1024.jpg\" alt=\"\" class=\"wp-image-30256\" srcset=\"https:\/\/bergen.katolsk.no\/wp-content\/uploads\/2026\/03\/20260315_110655-1024x1024.jpg 1024w, https:\/\/bergen.katolsk.no\/wp-content\/uploads\/2026\/03\/20260315_110655-300x300.jpg 300w, https:\/\/bergen.katolsk.no\/wp-content\/uploads\/2026\/03\/20260315_110655-150x150.jpg 150w, https:\/\/bergen.katolsk.no\/wp-content\/uploads\/2026\/03\/20260315_110655-768x768.jpg 768w, https:\/\/bergen.katolsk.no\/wp-content\/uploads\/2026\/03\/20260315_110655.jpg 1185w\" sizes=\"auto, (max-width: 1024px) 100vw, 1024px\" \/><\/a><\/figure>\n\n\n\n<p><strong><br><\/strong>Det er gledelig \u00e5 se at kirken er nymalt i lyse farger. Det er godt \u00e5 v\u00e6re hjemme<strong>!<\/strong><\/p>\n\n\n\n<p>H\u00f8ymessen i dag ble feiret av sognepresten sammen med Dom Gregor og Dom Anton H\u00f6slinger fra Klosterneuburg som var hovedselebrant. Dermed ble messen feiret p\u00e5 kirkens spr\u00e5k \u2013 latin. Det passet veldig bra til feiringen.<\/p>\n\n\n\n<figure class=\"wp-block-image size-large\"><a href=\"https:\/\/bergen.katolsk.no\/wp-content\/uploads\/2026\/03\/20260315_110446.jpg\"><img loading=\"lazy\" decoding=\"async\" width=\"1024\" height=\"1024\" src=\"https:\/\/bergen.katolsk.no\/wp-content\/uploads\/2026\/03\/20260315_110446-1024x1024.jpg\" alt=\"\" class=\"wp-image-30258\" srcset=\"https:\/\/bergen.katolsk.no\/wp-content\/uploads\/2026\/03\/20260315_110446-1024x1024.jpg 1024w, https:\/\/bergen.katolsk.no\/wp-content\/uploads\/2026\/03\/20260315_110446-300x300.jpg 300w, https:\/\/bergen.katolsk.no\/wp-content\/uploads\/2026\/03\/20260315_110446-150x150.jpg 150w, https:\/\/bergen.katolsk.no\/wp-content\/uploads\/2026\/03\/20260315_110446-768x768.jpg 768w, https:\/\/bergen.katolsk.no\/wp-content\/uploads\/2026\/03\/20260315_110446.jpg 1185w\" sizes=\"auto, (max-width: 1024px) 100vw, 1024px\" \/><\/a><\/figure>\n\n\n\n<p>Sognepresten takket alle som bidro til dugnader de siste dagene \u2013 det var mye arbeid \u00e5 f\u00e5 alt tilbake p\u00e5 plass \u2013 krusifikset, relikvier, korsveien og bildene. Vi er alle takknemlige for innsatsen. <\/p>\n\n\n\n<figure class=\"wp-block-image size-large\"><a href=\"https:\/\/bergen.katolsk.no\/wp-content\/uploads\/2026\/03\/20260315_113048.jpg\"><img loading=\"lazy\" decoding=\"async\" width=\"1024\" height=\"1024\" src=\"https:\/\/bergen.katolsk.no\/wp-content\/uploads\/2026\/03\/20260315_113048-1024x1024.jpg\" alt=\"\" class=\"wp-image-30257\" srcset=\"https:\/\/bergen.katolsk.no\/wp-content\/uploads\/2026\/03\/20260315_113048-1024x1024.jpg 1024w, https:\/\/bergen.katolsk.no\/wp-content\/uploads\/2026\/03\/20260315_113048-300x300.jpg 300w, https:\/\/bergen.katolsk.no\/wp-content\/uploads\/2026\/03\/20260315_113048-150x150.jpg 150w, https:\/\/bergen.katolsk.no\/wp-content\/uploads\/2026\/03\/20260315_113048-768x768.jpg 768w, https:\/\/bergen.katolsk.no\/wp-content\/uploads\/2026\/03\/20260315_113048.jpg 1185w\" sizes=\"auto, (max-width: 1024px) 100vw, 1024px\" \/><\/a><\/figure>\n\n\n\n<p>Oppussingen har kostet over tre millioner som menigheten m\u00e5 dekke selv \u2013 mange har bidratt allerede, men flere milde gaver tar vi gjerne imot.<\/p>\n\n\n\n<figure class=\"wp-block-image size-large\"><a href=\"https:\/\/bergen.katolsk.no\/wp-content\/uploads\/2026\/03\/IMG-20260315-WA0001.jpg\"><img loading=\"lazy\" decoding=\"async\" width=\"768\" height=\"1024\" src=\"https:\/\/bergen.katolsk.no\/wp-content\/uploads\/2026\/03\/IMG-20260315-WA0001-768x1024.jpg\" alt=\"\" class=\"wp-image-30260\" srcset=\"https:\/\/bergen.katolsk.no\/wp-content\/uploads\/2026\/03\/IMG-20260315-WA0001-768x1024.jpg 768w, https:\/\/bergen.katolsk.no\/wp-content\/uploads\/2026\/03\/IMG-20260315-WA0001-225x300.jpg 225w, https:\/\/bergen.katolsk.no\/wp-content\/uploads\/2026\/03\/IMG-20260315-WA0001-1152x1536.jpg 1152w, https:\/\/bergen.katolsk.no\/wp-content\/uploads\/2026\/03\/IMG-20260315-WA0001.jpg 1200w\" sizes=\"auto, (max-width: 768px) 100vw, 768px\" \/><\/a><\/figure>\n\n\n\n<figure class=\"wp-block-image size-large\"><a href=\"https:\/\/bergen.katolsk.no\/wp-content\/uploads\/2026\/03\/20260315_105527.jpg\"><img loading=\"lazy\" decoding=\"async\" width=\"1024\" height=\"1024\" src=\"https:\/\/bergen.katolsk.no\/wp-content\/uploads\/2026\/03\/20260315_105527-1024x1024.jpg\" alt=\"\" class=\"wp-image-30259\" srcset=\"https:\/\/bergen.katolsk.no\/wp-content\/uploads\/2026\/03\/20260315_105527-1024x1024.jpg 1024w, https:\/\/bergen.katolsk.no\/wp-content\/uploads\/2026\/03\/20260315_105527-300x300.jpg 300w, https:\/\/bergen.katolsk.no\/wp-content\/uploads\/2026\/03\/20260315_105527-150x150.jpg 150w, https:\/\/bergen.katolsk.no\/wp-content\/uploads\/2026\/03\/20260315_105527-768x768.jpg 768w, https:\/\/bergen.katolsk.no\/wp-content\/uploads\/2026\/03\/20260315_105527.jpg 1185w\" sizes=\"auto, (max-width: 1024px) 100vw, 1024px\" \/><\/a><\/figure>\n","protected":false},"excerpt":{"rendered":"<p>Det er gledelig \u00e5 se at kirken er nymalt i lyse farger. Det er godt \u00e5 v\u00e6re hjemme! H\u00f8ymessen i<\/p>\n","protected":false},"author":3,"featured_media":0,"comment_status":"closed","ping_status":"closed","sticky":false,"template":"","format":"standard","meta":{"colormag_page_container_layout":"default_layout","colormag_page_sidebar_layout":"default_layout","_exactmetrics_skip_tracking":false,"_exactmetrics_sitenote_active":false,"_exactmetrics_sitenote_note":"","_exactmetrics_sitenote_category":0,"footnotes":""},"categories":[1],"tags":[],"class_list":["post-30255","post","type-post","status-publish","format-standard","hentry","category-aktuelt"],"_links":{"self":[{"href":"https:\/\/bergen.katolsk.no\/index.php?rest_route=\/wp\/v2\/posts\/30255","targetHints":{"allow":["GET"]}}],"collection":[{"href":"https:\/\/bergen.katolsk.no\/index.php?rest_route=\/wp\/v2\/posts"}],"about":[{"href":"https:\/\/bergen.katolsk.no\/index.php?rest_route=\/wp\/v2\/types\/post"}],"author":[{"embeddable":true,"href":"https:\/\/bergen.katolsk.no\/index.php?rest_route=\/wp\/v2\/users\/3"}],"replies":[{"embeddable":true,"href":"https:\/\/bergen.katolsk.no\/index.php?rest_route=%2Fwp%2Fv2%2Fcomments&post=30255"}],"version-history":[{"count":2,"href":"https:\/\/bergen.katolsk.no\/index.php?rest_route=\/wp\/v2\/posts\/30255\/revisions"}],"predecessor-version":[{"id":30263,"href":"https:\/\/bergen.katolsk.no\/index.php?rest_route=\/wp\/v2\/posts\/30255\/revisions\/30263"}],"wp:attachment":[{"href":"https:\/\/bergen.katolsk.no\/index.php?rest_route=%2Fwp%2Fv2%2Fmedia&parent=30255"}],"wp:term":[{"taxonomy":"category","embeddable":true,"href":"https:\/\/bergen.katolsk.no\/index.php?rest_route=%2Fwp%2Fv2%2Fcategories&post=30255"},{"taxonomy":"post_tag","embeddable":true,"href":"https:\/\/bergen.katolsk.no\/index.php?rest_route=%2Fwp%2Fv2%2Ftags&post=30255"}],"curies":[{"name":"wp","href":"https:\/\/api.w.org\/{rel}","templated":true}]}}