{"id":30430,"date":"2026-04-29T11:03:28","date_gmt":"2026-04-29T11:03:28","guid":{"rendered":"https:\/\/bergen.katolsk.no\/?p=30430"},"modified":"2026-04-29T11:48:57","modified_gmt":"2026-04-29T11:48:57","slug":"mai-andakt-2","status":"publish","type":"post","link":"https:\/\/bergen.katolsk.no\/?p=30430","title":{"rendered":"Mai-andakt torsdag 21. og torsdag 28. mai kl 18.30"},"content":{"rendered":"\n<figure class=\"wp-block-image size-full\"><a href=\"https:\/\/bergen.katolsk.no\/wp-content\/uploads\/2026\/04\/Bilde1.jpg\"><img loading=\"lazy\" decoding=\"async\" width=\"652\" height=\"979\" src=\"https:\/\/bergen.katolsk.no\/wp-content\/uploads\/2026\/04\/Bilde1.jpg\" alt=\"\" class=\"wp-image-30431\" srcset=\"https:\/\/bergen.katolsk.no\/wp-content\/uploads\/2026\/04\/Bilde1.jpg 652w, https:\/\/bergen.katolsk.no\/wp-content\/uploads\/2026\/04\/Bilde1-200x300.jpg 200w\" sizes=\"auto, (max-width: 652px) 100vw, 652px\" \/><\/a><\/figure>\n\n\n\n<p>Det er gammel katolsk tradisjon \u00e5 vie mai m\u00e5ned til Guds Mor Maria og be en andakt \u2013 \u00abmai-andakt\u00bb hver kveld i mai. Det kan gj\u00f8res b\u00e5de hjemme, ute, og i kirken.<\/p>\n\n\n\n<p>Vi inviterer til mai-andakt i St. Paul kirke torsdag 21. og torsdag 28.mai kl 18.30. og oppfordrer ogs\u00e5 til \u00e5 holde mai-andakt hver kveld i mai i kirken eller hjemme.<\/p>\n\n\n\n<p><strong>Andakten best\u00e5r av:<\/strong><strong><\/strong><\/p>\n\n\n\n<ul class=\"wp-block-list\">\n<li>Maria Sang<\/li>\n\n\n\n<li>Bibellesning   (se forslag\u00a0<a href=\"https:\/\/drive.google.com\/file\/d\/157_Xq5GZ97dY6FWRQn6c8HJAY4t1nifI\/view\" target=\"_blank\" rel=\"noreferrer noopener\">her<\/a>)\u00a0<\/li>\n\n\n\n<li>Betraktning\/meditasjon  (se forslag <a href=\"https:\/\/karmel.katolsk.no\/aktuelt\/maiandakt\/\">her<\/a>)<\/li>\n\n\n\n<li>Det lauretanske litani <a href=\"https:\/\/drive.google.com\/file\/d\/188fQd9hxfNJHN7luHLTi1zIHZoaRV6UJ\/view\">p\u00e5 norsk<\/a> (<a href=\"https:\/\/drive.google.com\/file\/d\/15Xyom2zyjBvgo97PJBw9KsQiqlf7l8HY\/view\">latin<\/a>, <a href=\"https:\/\/drive.google.com\/file\/d\/1SMeNz2DVuo58hBJxWPqlXZk4blWC1Qus\/view\">engelsk<\/a>, <a href=\"https:\/\/drive.google.com\/file\/d\/1fXTmSZbCofMIW9zcn86rnyJu2rNVeWvd\/view\">litauisk<\/a>, <a href=\"https:\/\/drive.google.com\/file\/d\/1AxWk09HqnLoNjoCM1msKohNmH_Ij11d1\/view\">polsk<\/a>, <a href=\"https:\/\/drive.google.com\/file\/d\/1qYkVbG1JTXcm2-RyauQQLnKcZqfrqAQv\/view\">spansk<\/a>, <a href=\"https:\/\/drive.google.com\/file\/d\/1r-NTFb-jHO1bhpAWsIVVPYp4c0TgNWiq\/view\">tagalog<\/a>,<a href=\"https:\/\/drive.google.com\/file\/d\/1CnvRxq4WXn1b2_onfjSpFFYsYI5EAML3\/view\"> tamil<\/a>, <a href=\"https:\/\/drive.google.com\/file\/d\/1r-NTFb-jHO1bhpAWsIVVPYp4c0TgNWiq\/view\">vietnamesisk<\/a><\/li>\n\n\n\n<li>B\u00f8nn \u2013 Sub Tuum praesidium eller Memorare (p\u00e5 flere spr\u00e5k &#8211; <a href=\"https:\/\/drive.google.com\/file\/d\/12RsxSsA8l8LUnttXi2uRLwlP_sLtnCah\/view\">her<\/a>)<\/li>\n\n\n\n<li>Sang: Regina caeli, laetare, alleluia,<br>Quia quem meruisti portare, alleluia,<br>Resurrexit sicut dixit, alleluia,<br>Ora pro nobis Deum, alleluia. AMEN<\/li>\n<\/ul>\n\n\n\n<p>I Kirken avsluttes andakten med en sakramental velsignelse<\/p>\n\n\n\n<p><strong>Tradisjonen med Maria-andakter<\/strong>, et utrykk for folkelig fromhet, g\u00e5r tilbake til det 3. \u00e5rhundre, men i den vestlige kirken ble mai m\u00e5ned viet til Maria f\u00f8rst p\u00e5 1200-tallet. Den spanske kong Alfons 10. oppfordret troende til \u00e5 samle seg ved Maria-statuer om kvelden, komme med blomster og blomsterkranser, og be om hennes forb\u00f8nn. Tradisjonen ble bedre kjent p\u00e5 1500-tallet etter at en bok, \u00ab\u00c5ndelig mai\u00bb, kom p\u00e5 trykk i Tyskland og den italienske helgenen Filip Neri samlet barna for \u00e5 synge Maria-sanger, og ofre b\u00e5de v\u00e5rblomster og \u00ab\u00e5ndelige blomster\u00bb, som gode gjerninger mot medmennesker, til Maria. Senere bidro jesuittene til populariteten av mai-andakten og den ble mer og mer brukt i l\u00f8pet av 1800 og 1900-tallet over hele verden.<\/p>\n\n\n\n<p><strong>I moderne tid<\/strong>&nbsp;kom pave Paul VI med encyklika&nbsp;<em>Mense Maio<\/em>&nbsp;i 1965 hvor han oppfordret til \u00e5 fortsette med denne tradisjonen og be om Marias forb\u00f8nn, s\u00e6rlig for fred. Den hellige pave Johannes Paul II sa at \u00ab<strong>Folkelig fromhet er en sann skatt for Guds folk. Den er en kontinuerlig demonstrasjon av Den Hellige \u00c5nds aktive n\u00e6rv\u00e6r i Kirken<\/strong>.\u00bb&nbsp;<\/p>\n\n\n\n<p><\/p>\n","protected":false},"excerpt":{"rendered":"<p>Det er gammel katolsk tradisjon \u00e5 vie mai m\u00e5ned til Guds Mor Maria og be en andakt \u2013 \u00abmai-andakt\u00bb hver<\/p>\n","protected":false},"author":3,"featured_media":0,"comment_status":"closed","ping_status":"closed","sticky":false,"template":"","format":"standard","meta":{"colormag_page_container_layout":"default_layout","colormag_page_sidebar_layout":"default_layout","_exactmetrics_skip_tracking":false,"_exactmetrics_sitenote_active":false,"_exactmetrics_sitenote_note":"","_exactmetrics_sitenote_category":0,"footnotes":""},"categories":[1],"tags":[],"class_list":["post-30430","post","type-post","status-publish","format-standard","hentry","category-aktuelt"],"_links":{"self":[{"href":"https:\/\/bergen.katolsk.no\/index.php?rest_route=\/wp\/v2\/posts\/30430","targetHints":{"allow":["GET"]}}],"collection":[{"href":"https:\/\/bergen.katolsk.no\/index.php?rest_route=\/wp\/v2\/posts"}],"about":[{"href":"https:\/\/bergen.katolsk.no\/index.php?rest_route=\/wp\/v2\/types\/post"}],"author":[{"embeddable":true,"href":"https:\/\/bergen.katolsk.no\/index.php?rest_route=\/wp\/v2\/users\/3"}],"replies":[{"embeddable":true,"href":"https:\/\/bergen.katolsk.no\/index.php?rest_route=%2Fwp%2Fv2%2Fcomments&post=30430"}],"version-history":[{"count":3,"href":"https:\/\/bergen.katolsk.no\/index.php?rest_route=\/wp\/v2\/posts\/30430\/revisions"}],"predecessor-version":[{"id":30434,"href":"https:\/\/bergen.katolsk.no\/index.php?rest_route=\/wp\/v2\/posts\/30430\/revisions\/30434"}],"wp:attachment":[{"href":"https:\/\/bergen.katolsk.no\/index.php?rest_route=%2Fwp%2Fv2%2Fmedia&parent=30430"}],"wp:term":[{"taxonomy":"category","embeddable":true,"href":"https:\/\/bergen.katolsk.no\/index.php?rest_route=%2Fwp%2Fv2%2Fcategories&post=30430"},{"taxonomy":"post_tag","embeddable":true,"href":"https:\/\/bergen.katolsk.no\/index.php?rest_route=%2Fwp%2Fv2%2Ftags&post=30430"}],"curies":[{"name":"wp","href":"https:\/\/api.w.org\/{rel}","templated":true}]}}