{"id":30439,"date":"2026-04-30T14:13:54","date_gmt":"2026-04-30T14:13:54","guid":{"rendered":"https:\/\/bergen.katolsk.no\/?p=30439"},"modified":"2026-04-30T14:14:13","modified_gmt":"2026-04-30T14:14:13","slug":"kunngjoringer-sondag-03-mai-2026","status":"publish","type":"post","link":"https:\/\/bergen.katolsk.no\/?p=30439","title":{"rendered":"KUNNGJ\u00d8RINGER S\u00d8NDAG 03. MAI 2026"},"content":{"rendered":"\n<figure class=\"wp-block-image size-full\"><a href=\"https:\/\/bergen.katolsk.no\/wp-content\/uploads\/2026\/02\/St.-paul-Kirke2.jpg\"><img loading=\"lazy\" decoding=\"async\" width=\"425\" height=\"640\" src=\"https:\/\/bergen.katolsk.no\/wp-content\/uploads\/2026\/02\/St.-paul-Kirke2.jpg\" alt=\"\" class=\"wp-image-30070\" srcset=\"https:\/\/bergen.katolsk.no\/wp-content\/uploads\/2026\/02\/St.-paul-Kirke2.jpg 425w, https:\/\/bergen.katolsk.no\/wp-content\/uploads\/2026\/02\/St.-paul-Kirke2-199x300.jpg 199w\" sizes=\"auto, (max-width: 425px) 100vw, 425px\" \/><\/a><\/figure>\n\n\n\n<p>&#8211; Jubileumsboken skal f\u00f8rst utgis til h\u00f8sten siden ogs\u00e5 jubi-leumsfeiringen og vigslingen av kirken 28. juni skal v\u00e6re med. Derfor kan du fortsatt v\u00e6re med p\u00e5 gratulasjonslisten.<\/p>\n\n\n\n<p>&#8211; Til jubileumsfesten 28. juni 2026 trenger vi programinnslag. Vi oppfordrer menighetens grupper til \u00e5 bidra med et innslag p\u00e5 3\u20135 minutter (sang\/musikk, dans osv.). Ta kontakt med Flavius p\u00e5 telefon 48 43 56 09 s\u00e5 snart som mulig.<\/p>\n\n\n\n<p>&#8211; Maria Alle Hjerters Dronning-gruppen inviterer til retrett-dager 06.-08. mai med pater Marco fra Roma, som er generalvikar for Montfort-misjon\u00e6rene. Se plakat for program. Alle er velkomne!<\/p>\n\n\n\n<p>&#8211; Neste helg er det konfirmasjon i St. Paul menighet. S\u00f8ndag, 10. mai er det norsk messe i St. Paul kirke kl. 9 og p\u00e5 Marias Minde kl. 10. H\u00f8ymessen kl. 11 g\u00e5r ut.<\/p>\n\n\n\n<p>&#8211; Trenger du en gave til Konfirmasjon eller bursdag? Menighetskontoret har f\u00e5tt inn noen nye ikoner, krusifikser og rosenkranser. Kontoret er \u00e5pent etter h\u00f8ymessen i dag (s\u00f8ndag, 03. mai) frem til kl. 13:00.<\/p>\n\n\n\n<p>&#8211; I anledning Fatimadagen blir det Vigilmesse tirsdag, 12. mai. Det blir film om Fatima kl. 16.30 p\u00e5 skolens auditorium. Kl.&nbsp;18 rosenkrans og tilbedelse i kirken og til slutt vigilmesse kl. 19 p\u00e5 norsk. Alle er velkomne til kirkekaffe p\u00e5 skolens personalrom etterp\u00e5.<\/p>\n\n\n\n<p>&#8211; Til slutt i dagens messe spiller den unge begavede organisten Oskar Hydle et stort stykke musikk. De som vil h\u00f8re denne fantastiske musikken, blir sittende, alle andre kan g\u00e5 stille ut.<\/p>\n\n\n\n<p>&#8212;&#8212;&#8212;&#8212;&#8212;&#8212;&#8212;&#8212;&#8212;&#8212;&#8212;&#8212;&#8212;&#8212;&#8212;&#8212;&#8212;&#8212;&#8212;&#8212;&#8212;&#8212;&#8212;&#8211;<\/p>\n\n\n\n<p><em>Etter h\u00f8ymessen<\/em> er alle hjertelig velkommen til kirkekaffe i Krypten.<\/p>\n","protected":false},"excerpt":{"rendered":"<p>&#8211; Jubileumsboken skal f\u00f8rst utgis til h\u00f8sten siden ogs\u00e5 jubi-leumsfeiringen og vigslingen av kirken 28. juni skal v\u00e6re med. Derfor<\/p>\n","protected":false},"author":12,"featured_media":0,"comment_status":"closed","ping_status":"closed","sticky":false,"template":"","format":"standard","meta":{"colormag_page_container_layout":"default_layout","colormag_page_sidebar_layout":"default_layout","_exactmetrics_skip_tracking":false,"_exactmetrics_sitenote_active":false,"_exactmetrics_sitenote_note":"","_exactmetrics_sitenote_category":0,"footnotes":""},"categories":[4],"tags":[],"class_list":["post-30439","post","type-post","status-publish","format-standard","hentry","category-kunngjoring"],"_links":{"self":[{"href":"https:\/\/bergen.katolsk.no\/index.php?rest_route=\/wp\/v2\/posts\/30439","targetHints":{"allow":["GET"]}}],"collection":[{"href":"https:\/\/bergen.katolsk.no\/index.php?rest_route=\/wp\/v2\/posts"}],"about":[{"href":"https:\/\/bergen.katolsk.no\/index.php?rest_route=\/wp\/v2\/types\/post"}],"author":[{"embeddable":true,"href":"https:\/\/bergen.katolsk.no\/index.php?rest_route=\/wp\/v2\/users\/12"}],"replies":[{"embeddable":true,"href":"https:\/\/bergen.katolsk.no\/index.php?rest_route=%2Fwp%2Fv2%2Fcomments&post=30439"}],"version-history":[{"count":1,"href":"https:\/\/bergen.katolsk.no\/index.php?rest_route=\/wp\/v2\/posts\/30439\/revisions"}],"predecessor-version":[{"id":30440,"href":"https:\/\/bergen.katolsk.no\/index.php?rest_route=\/wp\/v2\/posts\/30439\/revisions\/30440"}],"wp:attachment":[{"href":"https:\/\/bergen.katolsk.no\/index.php?rest_route=%2Fwp%2Fv2%2Fmedia&parent=30439"}],"wp:term":[{"taxonomy":"category","embeddable":true,"href":"https:\/\/bergen.katolsk.no\/index.php?rest_route=%2Fwp%2Fv2%2Fcategories&post=30439"},{"taxonomy":"post_tag","embeddable":true,"href":"https:\/\/bergen.katolsk.no\/index.php?rest_route=%2Fwp%2Fv2%2Ftags&post=30439"}],"curies":[{"name":"wp","href":"https:\/\/api.w.org\/{rel}","templated":true}]}}