{"id":30881,"date":"2026-09-04T14:42:31","date_gmt":"2026-09-04T14:42:31","guid":{"rendered":"https:\/\/bergen.katolsk.no\/?p=30881"},"modified":"2026-09-04T14:43:45","modified_gmt":"2026-09-04T14:43:45","slug":"kunngjoringer-sondag-04-sept-2026","status":"publish","type":"post","link":"https:\/\/bergen.katolsk.no\/?p=30881","title":{"rendered":"KUNNGJ\u00d8RINGER S\u00f8ndag, 04. SEPT 2026"},"content":{"rendered":"\n<figure class=\"wp-block-image size-full\"><a href=\"https:\/\/bergen.katolsk.no\/wp-content\/uploads\/2026\/05\/St.-paul-Kirke2-1.jpg\"><img loading=\"lazy\" decoding=\"async\" width=\"425\" height=\"640\" src=\"https:\/\/bergen.katolsk.no\/wp-content\/uploads\/2026\/05\/St.-paul-Kirke2-1.jpg\" alt=\"\" class=\"wp-image-30568\" srcset=\"https:\/\/bergen.katolsk.no\/wp-content\/uploads\/2026\/05\/St.-paul-Kirke2-1.jpg 425w, https:\/\/bergen.katolsk.no\/wp-content\/uploads\/2026\/05\/St.-paul-Kirke2-1-199x300.jpg 199w\" sizes=\"auto, (max-width: 425px) 100vw, 425px\" \/><\/a><\/figure>\n\n\n\n<p class=\"wp-block-paragraph\">&#8211; Troskurs for konvertitter og andre interesserte i katolsk tro, g\u00e5r om tirsdagen, kl. 17-18:30 p\u00e5 skolens personalrom. Neste gang er tirsdag 8.9.<\/p>\n\n\n\n<p class=\"wp-block-paragraph\">&#8211; Studentgruppen \u00abFides\u00bb har ogs\u00e5 startet opp. Oppm\u00f8te om s\u00f8ndagen etter engelskmesse p\u00e5 trappene foran St. Paul kirke (ca. kl. 19:00).<\/p>\n\n\n\n<p class=\"wp-block-paragraph\">&#8211; Ungdomssamlinger i krypten skjer hver torsdag fra kl. 17-19 (fra 8. klasse og oppover).<\/p>\n\n\n\n<p class=\"wp-block-paragraph\">\u2013 Menighetens \u00e5rlige pilegrimsvandring til Det hellige kors kirke i Fana skjer l\u00f8rdag den 12.&nbsp;sept. Prosesjonen starter fra St. Paul kirke med oppm\u00f8te kl.&nbsp;09.45, p\u00e5 Lagunen kl.&nbsp;14 og p\u00e5 Stend stasjon kl.&nbsp;15. Den avsluttes med messe i Fana kirke kl.&nbsp;16. Se egen plakat, flyers og hjemmesiden.<\/p>\n\n\n\n<p class=\"wp-block-paragraph\">&#8211; Det blir utvidet menighetsr\u00e5dsm\u00f8te onsdag 16. september kl. 17.00 p\u00e5 skolens personalrom. Alle gruppeledere er hjertelig velkommen og oppfordres til \u00e5 delta.<\/p>\n\n\n\n<p class=\"wp-block-paragraph\">&#8211; S\u00f8ndag 26. september blir det diakonvielse av Erik Andvik. Biskop Fredrik feirer pontifikalmesse kl. 11. Den norske messen p\u00e5 Marias Minde kl. 10 utg\u00e5r derfor denne dagen.<\/p>\n\n\n\n<p class=\"wp-block-paragraph\">&#8211; Vi trenger flere kirkevakter til den engelske messen p\u00e5 s\u00f8ndager kl. 18. Dersom du kunne tenke deg \u00e5 bidra, ta kontakt med en av prestene eller menighetskontoret.<\/p>\n\n\n\n<p class=\"wp-block-paragraph\">&#8212;&#8212;&#8212;&#8212;&#8212;&#8212;&#8212;&#8212;&#8212;&#8212;&#8212;&#8212;&#8212;&#8212;&#8212;&#8212;&#8212;&#8212;&#8212;&#8212;&#8212;&#8212;&#8212;<\/p>\n\n\n\n<p class=\"wp-block-paragraph\"><em>Etter h\u00f8ymessen<\/em> er alle hjertelig velkommen til kirkekaffe i Krypten.<\/p>\n","protected":false},"excerpt":{"rendered":"<p>&#8211; Troskurs for konvertitter og andre interesserte i katolsk tro, g\u00e5r om tirsdagen, kl. 17-18:30 p\u00e5 skolens personalrom. Neste gang<\/p>\n","protected":false},"author":12,"featured_media":0,"comment_status":"closed","ping_status":"closed","sticky":false,"template":"","format":"standard","meta":{"colormag_page_container_layout":"default_layout","colormag_page_sidebar_layout":"default_layout","_exactmetrics_skip_tracking":false,"_exactmetrics_sitenote_active":false,"_exactmetrics_sitenote_note":"","_exactmetrics_sitenote_category":0,"footnotes":""},"categories":[4],"tags":[],"class_list":["post-30881","post","type-post","status-publish","format-standard","hentry","category-kunngjoring"],"_links":{"self":[{"href":"https:\/\/bergen.katolsk.no\/index.php?rest_route=\/wp\/v2\/posts\/30881","targetHints":{"allow":["GET"]}}],"collection":[{"href":"https:\/\/bergen.katolsk.no\/index.php?rest_route=\/wp\/v2\/posts"}],"about":[{"href":"https:\/\/bergen.katolsk.no\/index.php?rest_route=\/wp\/v2\/types\/post"}],"author":[{"embeddable":true,"href":"https:\/\/bergen.katolsk.no\/index.php?rest_route=\/wp\/v2\/users\/12"}],"replies":[{"embeddable":true,"href":"https:\/\/bergen.katolsk.no\/index.php?rest_route=%2Fwp%2Fv2%2Fcomments&post=30881"}],"version-history":[{"count":2,"href":"https:\/\/bergen.katolsk.no\/index.php?rest_route=\/wp\/v2\/posts\/30881\/revisions"}],"predecessor-version":[{"id":30883,"href":"https:\/\/bergen.katolsk.no\/index.php?rest_route=\/wp\/v2\/posts\/30881\/revisions\/30883"}],"wp:attachment":[{"href":"https:\/\/bergen.katolsk.no\/index.php?rest_route=%2Fwp%2Fv2%2Fmedia&parent=30881"}],"wp:term":[{"taxonomy":"category","embeddable":true,"href":"https:\/\/bergen.katolsk.no\/index.php?rest_route=%2Fwp%2Fv2%2Fcategories&post=30881"},{"taxonomy":"post_tag","embeddable":true,"href":"https:\/\/bergen.katolsk.no\/index.php?rest_route=%2Fwp%2Fv2%2Ftags&post=30881"}],"curies":[{"name":"wp","href":"https:\/\/api.w.org\/{rel}","templated":true}]}}