{"id":3894,"date":"2016-09-14T18:44:00","date_gmt":"2016-09-14T18:44:00","guid":{"rendered":"http:\/\/bergen.katolsk.no\/?p=3894"},"modified":"2016-09-14T21:17:47","modified_gmt":"2016-09-14T21:17:47","slug":"velkommen-pa-hosstferieleir-pa-fredtun","status":"publish","type":"post","link":"https:\/\/bergen.katolsk.no\/?p=3894","title":{"rendered":"Velkommen p\u00e5 H\u00f8stferieleir p\u00e5 Fredtun!"},"content":{"rendered":"<p><a href=\"http:\/\/bergen.katolsk.no\/wp-content\/uploads\/2016\/09\/skole.png\"><img loading=\"lazy\" decoding=\"async\" class=\"alignleft wp-image-3895 size-full\" src=\"http:\/\/bergen.katolsk.no\/wp-content\/uploads\/2016\/09\/skole.png\" alt=\"skole\" width=\"92\" height=\"110\" \/><\/a>I h\u00f8stferien i \u00e5r skal det var <strong>en liten leir for\u00a0ungdom p\u00e5 Vestlandet<\/strong> i regi av St. Paul menighet og St. Paul skole.Leiren skal v\u00e6re fra l\u00f8rdag den 08. oktober til onsdag 12. oktober p\u00e5 Fredtun som ligger p\u00e5 Karm\u00f8y.\u00a0Vi kommer til \u00e5 m\u00f8te katolikker fra hele Vestlandet, og sammen\u00a0f\u00e5 et godt katolsk fellesskap. Sist men ikke minst kommer vi til \u00e5 ha det kjempeg\u00f8y sammen!<\/p>\n<p>Leder teamet best\u00e5r av: Johan Falkenberg (leder og l\u00e6rer p\u00e5 St. Paul skole), p. Tao &#8211; leirprest, Piotr Pasiak og Marta Krakus.<\/p>\n<p>Pris kr.1400,- <strong>P\u00e5meldingsfrist mandag 26.september<\/strong><\/p>\n<p>Finn mer\u00a0<a href=\"https:\/\/drive.google.com\/open?id=0B1AyuC6GeAafMk1xRTEzZUlHRjg\" target=\"_blank\">\u00a0informasjon\u00a0 <\/a>og last ned\u00a0 <a href=\"https:\/\/drive.google.com\/open?id=0B1AyuC6GeAafbkVwMmNTckl2VDg\" target=\"_blank\">p\u00e5melding<\/a>sskjemaet.<\/p>\n","protected":false},"excerpt":{"rendered":"<p>I h\u00f8stferien i \u00e5r skal det var en liten leir for\u00a0ungdom p\u00e5 Vestlandet i regi av St. Paul menighet og<\/p>\n","protected":false},"author":3,"featured_media":0,"comment_status":"closed","ping_status":"closed","sticky":false,"template":"","format":"standard","meta":{"colormag_page_container_layout":"default_layout","colormag_page_sidebar_layout":"default_layout","_exactmetrics_skip_tracking":false,"_exactmetrics_sitenote_active":false,"_exactmetrics_sitenote_note":"","_exactmetrics_sitenote_category":0,"footnotes":""},"categories":[1],"tags":[],"class_list":["post-3894","post","type-post","status-publish","format-standard","hentry","category-aktuelt"],"_links":{"self":[{"href":"https:\/\/bergen.katolsk.no\/index.php?rest_route=\/wp\/v2\/posts\/3894","targetHints":{"allow":["GET"]}}],"collection":[{"href":"https:\/\/bergen.katolsk.no\/index.php?rest_route=\/wp\/v2\/posts"}],"about":[{"href":"https:\/\/bergen.katolsk.no\/index.php?rest_route=\/wp\/v2\/types\/post"}],"author":[{"embeddable":true,"href":"https:\/\/bergen.katolsk.no\/index.php?rest_route=\/wp\/v2\/users\/3"}],"replies":[{"embeddable":true,"href":"https:\/\/bergen.katolsk.no\/index.php?rest_route=%2Fwp%2Fv2%2Fcomments&post=3894"}],"version-history":[{"count":9,"href":"https:\/\/bergen.katolsk.no\/index.php?rest_route=\/wp\/v2\/posts\/3894\/revisions"}],"predecessor-version":[{"id":3904,"href":"https:\/\/bergen.katolsk.no\/index.php?rest_route=\/wp\/v2\/posts\/3894\/revisions\/3904"}],"wp:attachment":[{"href":"https:\/\/bergen.katolsk.no\/index.php?rest_route=%2Fwp%2Fv2%2Fmedia&parent=3894"}],"wp:term":[{"taxonomy":"category","embeddable":true,"href":"https:\/\/bergen.katolsk.no\/index.php?rest_route=%2Fwp%2Fv2%2Fcategories&post=3894"},{"taxonomy":"post_tag","embeddable":true,"href":"https:\/\/bergen.katolsk.no\/index.php?rest_route=%2Fwp%2Fv2%2Ftags&post=3894"}],"curies":[{"name":"wp","href":"https:\/\/api.w.org\/{rel}","templated":true}]}}