{"id":4022,"date":"2016-10-02T18:24:41","date_gmt":"2016-10-02T18:24:41","guid":{"rendered":"http:\/\/bergen.katolsk.no\/?p=4022"},"modified":"2016-10-02T20:51:26","modified_gmt":"2016-10-02T20:51:26","slug":"peregrinatio-gar-mot-slutten","status":"publish","type":"post","link":"https:\/\/bergen.katolsk.no\/?p=4022","title":{"rendered":"Peregrinatio g\u00e5r mot slutten"},"content":{"rendered":"<p>Bildet av Den Barmhjertige Jesus har etter en uke i Bergen reist rundt i Sogn og Fjordane. Det har stoppet i flere kirker i fylket. Her kommer en serie bilder fra den siste messen som var i B\u00f8 kyrkje ved Leirvik i Hyllestad kommune. En fin gjeng var samlet for \u00e5 feire messen og ta imot bes\u00f8k av bildet og relikvier av sr. Faustina og Johannes Paul II. P. Zygmund Kosowski var hovedcelebrant. Han fortalte ogs\u00e5 at dette var f\u00f8rste gang bildet var p\u00e5 tur utenfor Polen. Etter messen dro bilen med bildet s\u00f8rover mot Stavanger. B\u00e5de p\u00e5 fergekaien og fergen kom mennesker bort og lurte p\u00e5 hva slags bil som var der.<\/p>\n<figure id=\"attachment_4026\" aria-describedby=\"caption-attachment-4026\" style=\"width: 667px\" class=\"wp-caption aligncenter\"><a href=\"http:\/\/bergen.katolsk.no\/wp-content\/uploads\/2016\/10\/tn_IMG_3371-e1475431277701.jpg\"><img loading=\"lazy\" decoding=\"async\" class=\"size-full wp-image-4026\" src=\"http:\/\/bergen.katolsk.no\/wp-content\/uploads\/2016\/10\/tn_IMG_3371-e1475431277701.jpg\" alt=\"Bildet ankommer B\u00f8 kyrkje\" width=\"667\" height=\"1000\" srcset=\"https:\/\/bergen.katolsk.no\/wp-content\/uploads\/2016\/10\/tn_IMG_3371-e1475431277701.jpg 667w, https:\/\/bergen.katolsk.no\/wp-content\/uploads\/2016\/10\/tn_IMG_3371-e1475431277701-200x300.jpg 200w\" sizes=\"auto, (max-width: 667px) 100vw, 667px\" \/><\/a><figcaption id=\"caption-attachment-4026\" class=\"wp-caption-text\">Bildet ankommer B\u00f8 kyrkje<\/figcaption><\/figure>\n<figure id=\"attachment_4027\" aria-describedby=\"caption-attachment-4027\" style=\"width: 1000px\" class=\"wp-caption aligncenter\"><a href=\"http:\/\/bergen.katolsk.no\/wp-content\/uploads\/2016\/10\/tn_IMG_3379-2.jpg\"><img loading=\"lazy\" decoding=\"async\" class=\"size-full wp-image-4027\" src=\"http:\/\/bergen.katolsk.no\/wp-content\/uploads\/2016\/10\/tn_IMG_3379-2.jpg\" alt=\"Tekstlesing\" width=\"1000\" height=\"667\" srcset=\"https:\/\/bergen.katolsk.no\/wp-content\/uploads\/2016\/10\/tn_IMG_3379-2.jpg 1000w, https:\/\/bergen.katolsk.no\/wp-content\/uploads\/2016\/10\/tn_IMG_3379-2-300x200.jpg 300w, https:\/\/bergen.katolsk.no\/wp-content\/uploads\/2016\/10\/tn_IMG_3379-2-956x637.jpg 956w\" sizes=\"auto, (max-width: 1000px) 100vw, 1000px\" \/><\/a><figcaption id=\"caption-attachment-4027\" class=\"wp-caption-text\">Tekstlesing<\/figcaption><\/figure>\n<figure id=\"attachment_4028\" aria-describedby=\"caption-attachment-4028\" style=\"width: 1000px\" class=\"wp-caption aligncenter\"><a href=\"http:\/\/bergen.katolsk.no\/wp-content\/uploads\/2016\/10\/tn_IMG_3382.jpg\"><img loading=\"lazy\" decoding=\"async\" class=\"size-full wp-image-4028\" src=\"http:\/\/bergen.katolsk.no\/wp-content\/uploads\/2016\/10\/tn_IMG_3382.jpg\" alt=\"P. Zygmund Kosowski holdt preken\" width=\"1000\" height=\"667\" srcset=\"https:\/\/bergen.katolsk.no\/wp-content\/uploads\/2016\/10\/tn_IMG_3382.jpg 1000w, https:\/\/bergen.katolsk.no\/wp-content\/uploads\/2016\/10\/tn_IMG_3382-300x200.jpg 300w, https:\/\/bergen.katolsk.no\/wp-content\/uploads\/2016\/10\/tn_IMG_3382-956x637.jpg 956w\" sizes=\"auto, (max-width: 1000px) 100vw, 1000px\" \/><\/a><figcaption id=\"caption-attachment-4028\" class=\"wp-caption-text\">P. Zygmund Kosowski holdt preken<\/figcaption><\/figure>\n<p><a href=\"http:\/\/bergen.katolsk.no\/wp-content\/uploads\/2016\/10\/tn_IMG_3383-2.jpg\"><img loading=\"lazy\" decoding=\"async\" class=\"aligncenter size-full wp-image-4029\" src=\"http:\/\/bergen.katolsk.no\/wp-content\/uploads\/2016\/10\/tn_IMG_3383-2.jpg\" alt=\"tn_IMG_3383 (2)\" width=\"1000\" height=\"667\" srcset=\"https:\/\/bergen.katolsk.no\/wp-content\/uploads\/2016\/10\/tn_IMG_3383-2.jpg 1000w, https:\/\/bergen.katolsk.no\/wp-content\/uploads\/2016\/10\/tn_IMG_3383-2-300x200.jpg 300w, https:\/\/bergen.katolsk.no\/wp-content\/uploads\/2016\/10\/tn_IMG_3383-2-956x637.jpg 956w\" sizes=\"auto, (max-width: 1000px) 100vw, 1000px\" \/><\/a><\/p>\n<figure id=\"attachment_4030\" aria-describedby=\"caption-attachment-4030\" style=\"width: 1000px\" class=\"wp-caption aligncenter\"><a href=\"http:\/\/bergen.katolsk.no\/wp-content\/uploads\/2016\/10\/tn_IMG_3385.jpg\"><img loading=\"lazy\" decoding=\"async\" class=\"size-full wp-image-4030\" src=\"http:\/\/bergen.katolsk.no\/wp-content\/uploads\/2016\/10\/tn_IMG_3385.jpg\" alt=\"Gruppebilde av forsamlingen etter messen\" width=\"1000\" height=\"667\" srcset=\"https:\/\/bergen.katolsk.no\/wp-content\/uploads\/2016\/10\/tn_IMG_3385.jpg 1000w, https:\/\/bergen.katolsk.no\/wp-content\/uploads\/2016\/10\/tn_IMG_3385-300x200.jpg 300w, https:\/\/bergen.katolsk.no\/wp-content\/uploads\/2016\/10\/tn_IMG_3385-956x637.jpg 956w\" sizes=\"auto, (max-width: 1000px) 100vw, 1000px\" \/><\/a><figcaption id=\"caption-attachment-4030\" class=\"wp-caption-text\">Gruppebilde av forsamlingen etter messen<\/figcaption><\/figure>\n<figure id=\"attachment_4031\" aria-describedby=\"caption-attachment-4031\" style=\"width: 1000px\" class=\"wp-caption aligncenter\"><a href=\"http:\/\/bergen.katolsk.no\/wp-content\/uploads\/2016\/10\/tn_IMG_3394.jpg\"><img loading=\"lazy\" decoding=\"async\" class=\"size-full wp-image-4031\" src=\"http:\/\/bergen.katolsk.no\/wp-content\/uploads\/2016\/10\/tn_IMG_3394.jpg\" alt=\"Relikvier av Johannes Paul II og sr. Faustina\" width=\"1000\" height=\"667\" srcset=\"https:\/\/bergen.katolsk.no\/wp-content\/uploads\/2016\/10\/tn_IMG_3394.jpg 1000w, https:\/\/bergen.katolsk.no\/wp-content\/uploads\/2016\/10\/tn_IMG_3394-300x200.jpg 300w, https:\/\/bergen.katolsk.no\/wp-content\/uploads\/2016\/10\/tn_IMG_3394-956x637.jpg 956w\" sizes=\"auto, (max-width: 1000px) 100vw, 1000px\" \/><\/a><figcaption id=\"caption-attachment-4031\" class=\"wp-caption-text\">Relikvier av Johannes Paul II og sr. Faustina<\/figcaption><\/figure>\n<figure id=\"attachment_4032\" aria-describedby=\"caption-attachment-4032\" style=\"width: 1000px\" class=\"wp-caption aligncenter\"><a href=\"http:\/\/bergen.katolsk.no\/wp-content\/uploads\/2016\/10\/tn_IMG_3399.jpg\"><img loading=\"lazy\" decoding=\"async\" class=\"size-full wp-image-4032\" src=\"http:\/\/bergen.katolsk.no\/wp-content\/uploads\/2016\/10\/tn_IMG_3399.jpg\" alt=\"Bildet pakkes inn i bilen etter messen\" width=\"1000\" height=\"667\" srcset=\"https:\/\/bergen.katolsk.no\/wp-content\/uploads\/2016\/10\/tn_IMG_3399.jpg 1000w, https:\/\/bergen.katolsk.no\/wp-content\/uploads\/2016\/10\/tn_IMG_3399-300x200.jpg 300w, https:\/\/bergen.katolsk.no\/wp-content\/uploads\/2016\/10\/tn_IMG_3399-956x637.jpg 956w\" sizes=\"auto, (max-width: 1000px) 100vw, 1000px\" \/><\/a><figcaption id=\"caption-attachment-4032\" class=\"wp-caption-text\">Bildet pakkes inn i bilen etter messen<\/figcaption><\/figure>\n<figure id=\"attachment_4033\" aria-describedby=\"caption-attachment-4033\" style=\"width: 722px\" class=\"wp-caption aligncenter\"><a href=\"http:\/\/bergen.katolsk.no\/wp-content\/uploads\/2016\/10\/tn_IMG_3405-2.jpg\"><img loading=\"lazy\" decoding=\"async\" class=\"size-full wp-image-4033\" src=\"http:\/\/bergen.katolsk.no\/wp-content\/uploads\/2016\/10\/tn_IMG_3405-2.jpg\" alt=\"P\u00e5 smale vestlandsveier\" width=\"722\" height=\"1000\" srcset=\"https:\/\/bergen.katolsk.no\/wp-content\/uploads\/2016\/10\/tn_IMG_3405-2.jpg 722w, https:\/\/bergen.katolsk.no\/wp-content\/uploads\/2016\/10\/tn_IMG_3405-2-216x300.jpg 216w\" sizes=\"auto, (max-width: 722px) 100vw, 722px\" \/><\/a><figcaption id=\"caption-attachment-4033\" class=\"wp-caption-text\">P\u00e5 smale vestlandsveier<\/figcaption><\/figure>\n<figure id=\"attachment_4034\" aria-describedby=\"caption-attachment-4034\" style=\"width: 1000px\" class=\"wp-caption aligncenter\"><a href=\"http:\/\/bergen.katolsk.no\/wp-content\/uploads\/2016\/10\/tn_IMG_3411.jpg\"><img loading=\"lazy\" decoding=\"async\" class=\"size-full wp-image-4034\" src=\"http:\/\/bergen.katolsk.no\/wp-content\/uploads\/2016\/10\/tn_IMG_3411.jpg\" alt=\"P\u00e5 vei ombord i fergen i Lavik\" width=\"1000\" height=\"667\" srcset=\"https:\/\/bergen.katolsk.no\/wp-content\/uploads\/2016\/10\/tn_IMG_3411.jpg 1000w, https:\/\/bergen.katolsk.no\/wp-content\/uploads\/2016\/10\/tn_IMG_3411-300x200.jpg 300w, https:\/\/bergen.katolsk.no\/wp-content\/uploads\/2016\/10\/tn_IMG_3411-956x637.jpg 956w\" sizes=\"auto, (max-width: 1000px) 100vw, 1000px\" \/><\/a><figcaption id=\"caption-attachment-4034\" class=\"wp-caption-text\">P\u00e5 vei ombord i fergen i Lavik<\/figcaption><\/figure>\n<p>Vi takker for et fint bes\u00f8k som mange har f\u00e5tt mye glede og inspirasjon av. God tur videre til Stavanger!<\/p>\n","protected":false},"excerpt":{"rendered":"<p>Bildet av Den Barmhjertige Jesus har etter en uke i Bergen reist rundt i Sogn og Fjordane. Det har stoppet<\/p>\n","protected":false},"author":6,"featured_media":0,"comment_status":"closed","ping_status":"closed","sticky":false,"template":"","format":"standard","meta":{"colormag_page_container_layout":"default_layout","colormag_page_sidebar_layout":"default_layout","_exactmetrics_skip_tracking":false,"_exactmetrics_sitenote_active":false,"_exactmetrics_sitenote_note":"","_exactmetrics_sitenote_category":0,"footnotes":""},"categories":[1],"tags":[],"class_list":["post-4022","post","type-post","status-publish","format-standard","hentry","category-aktuelt"],"_links":{"self":[{"href":"https:\/\/bergen.katolsk.no\/index.php?rest_route=\/wp\/v2\/posts\/4022","targetHints":{"allow":["GET"]}}],"collection":[{"href":"https:\/\/bergen.katolsk.no\/index.php?rest_route=\/wp\/v2\/posts"}],"about":[{"href":"https:\/\/bergen.katolsk.no\/index.php?rest_route=\/wp\/v2\/types\/post"}],"author":[{"embeddable":true,"href":"https:\/\/bergen.katolsk.no\/index.php?rest_route=\/wp\/v2\/users\/6"}],"replies":[{"embeddable":true,"href":"https:\/\/bergen.katolsk.no\/index.php?rest_route=%2Fwp%2Fv2%2Fcomments&post=4022"}],"version-history":[{"count":5,"href":"https:\/\/bergen.katolsk.no\/index.php?rest_route=\/wp\/v2\/posts\/4022\/revisions"}],"predecessor-version":[{"id":4040,"href":"https:\/\/bergen.katolsk.no\/index.php?rest_route=\/wp\/v2\/posts\/4022\/revisions\/4040"}],"wp:attachment":[{"href":"https:\/\/bergen.katolsk.no\/index.php?rest_route=%2Fwp%2Fv2%2Fmedia&parent=4022"}],"wp:term":[{"taxonomy":"category","embeddable":true,"href":"https:\/\/bergen.katolsk.no\/index.php?rest_route=%2Fwp%2Fv2%2Fcategories&post=4022"},{"taxonomy":"post_tag","embeddable":true,"href":"https:\/\/bergen.katolsk.no\/index.php?rest_route=%2Fwp%2Fv2%2Ftags&post=4022"}],"curies":[{"name":"wp","href":"https:\/\/api.w.org\/{rel}","templated":true}]}}