{"id":5327,"date":"2017-04-08T18:29:53","date_gmt":"2017-04-08T18:29:53","guid":{"rendered":"http:\/\/bergen.katolsk.no\/?p=5327"},"modified":"2017-04-08T18:29:53","modified_gmt":"2017-04-08T18:29:53","slug":"ungdomshelg-pa-voss","status":"publish","type":"post","link":"https:\/\/bergen.katolsk.no\/?p=5327","title":{"rendered":"Ungdomshelg p\u00e5 Voss"},"content":{"rendered":"<p><a href=\"http:\/\/bergen.katolsk.no\/wp-content\/uploads\/2017\/04\/ungdomshelg-mai-2017.jpg\"><img loading=\"lazy\" decoding=\"async\" class=\"alignleft size-full wp-image-5329\" src=\"http:\/\/bergen.katolsk.no\/wp-content\/uploads\/2017\/04\/ungdomshelg-mai-2017.jpg\" alt=\"ungdomshelg mai 2017\" width=\"1096\" height=\"619\" srcset=\"https:\/\/bergen.katolsk.no\/wp-content\/uploads\/2017\/04\/ungdomshelg-mai-2017.jpg 1096w, https:\/\/bergen.katolsk.no\/wp-content\/uploads\/2017\/04\/ungdomshelg-mai-2017-300x169.jpg 300w, https:\/\/bergen.katolsk.no\/wp-content\/uploads\/2017\/04\/ungdomshelg-mai-2017-1024x578.jpg 1024w, https:\/\/bergen.katolsk.no\/wp-content\/uploads\/2017\/04\/ungdomshelg-mai-2017-956x539.jpg 956w\" sizes=\"auto, (max-width: 1096px) 100vw, 1096px\" \/><\/a>Det er n\u00e5 \u00e5pent for p\u00e5melding for UNGDOMSHELG 5-7 mai p\u00e5 Voss!<br \/>\nDet du m\u00e5 gj\u00f8re er:<br \/>\n&#8211; \u00e5pne linken: <a title=\"P\u00e5meldingsskjema\" href=\"https:\/\/docs.google.com\/spreadsheets\/d\/1NL2TTuOKQTIM_UayBxeyPw33IDqKHX7HQvk2QUeQaWM\/edit?usp=sharing\" target=\"_blank\">P\u00e5meldingsskjema<\/a><br \/>\n&#8211; fylle inn i listen (1-15) &#8211; ditt fulle navn &#8211; resten av informasjoner f\u00e5r dere sende til oss senere<br \/>\nN\u00e5r listen er full skriv alle detaljer rett under p\u00e5 ventelisten.<\/p>\n<div class=\"text_exposed_show\">\n<p>Meld deg p\u00e5 og bli med! Dette blir en utrolig koselig og g\u00f8y helg for ungdommer, der dere kan bli bedre kjent med hverandre, spille spill, se p\u00e5 film, g\u00e5 p\u00e5 tur og mye annet!<\/p>\n<\/div>\n","protected":false},"excerpt":{"rendered":"<p>Det er n\u00e5 \u00e5pent for p\u00e5melding for UNGDOMSHELG 5-7 mai p\u00e5 Voss! Det du m\u00e5 gj\u00f8re er: &#8211; \u00e5pne linken:<\/p>\n","protected":false},"author":6,"featured_media":0,"comment_status":"closed","ping_status":"closed","sticky":false,"template":"","format":"standard","meta":{"colormag_page_container_layout":"default_layout","colormag_page_sidebar_layout":"default_layout","_exactmetrics_skip_tracking":false,"_exactmetrics_sitenote_active":false,"_exactmetrics_sitenote_note":"","_exactmetrics_sitenote_category":0,"footnotes":""},"categories":[1],"tags":[],"class_list":["post-5327","post","type-post","status-publish","format-standard","hentry","category-aktuelt"],"_links":{"self":[{"href":"https:\/\/bergen.katolsk.no\/index.php?rest_route=\/wp\/v2\/posts\/5327","targetHints":{"allow":["GET"]}}],"collection":[{"href":"https:\/\/bergen.katolsk.no\/index.php?rest_route=\/wp\/v2\/posts"}],"about":[{"href":"https:\/\/bergen.katolsk.no\/index.php?rest_route=\/wp\/v2\/types\/post"}],"author":[{"embeddable":true,"href":"https:\/\/bergen.katolsk.no\/index.php?rest_route=\/wp\/v2\/users\/6"}],"replies":[{"embeddable":true,"href":"https:\/\/bergen.katolsk.no\/index.php?rest_route=%2Fwp%2Fv2%2Fcomments&post=5327"}],"version-history":[{"count":2,"href":"https:\/\/bergen.katolsk.no\/index.php?rest_route=\/wp\/v2\/posts\/5327\/revisions"}],"predecessor-version":[{"id":5330,"href":"https:\/\/bergen.katolsk.no\/index.php?rest_route=\/wp\/v2\/posts\/5327\/revisions\/5330"}],"wp:attachment":[{"href":"https:\/\/bergen.katolsk.no\/index.php?rest_route=%2Fwp%2Fv2%2Fmedia&parent=5327"}],"wp:term":[{"taxonomy":"category","embeddable":true,"href":"https:\/\/bergen.katolsk.no\/index.php?rest_route=%2Fwp%2Fv2%2Fcategories&post=5327"},{"taxonomy":"post_tag","embeddable":true,"href":"https:\/\/bergen.katolsk.no\/index.php?rest_route=%2Fwp%2Fv2%2Ftags&post=5327"}],"curies":[{"name":"wp","href":"https:\/\/api.w.org\/{rel}","templated":true}]}}