{"id":7044,"date":"2018-01-21T11:05:00","date_gmt":"2018-01-21T11:05:00","guid":{"rendered":"http:\/\/bergen.katolsk.no\/?p=7044"},"modified":"2018-01-22T19:08:27","modified_gmt":"2018-01-22T19:08:27","slug":"sogneprestens-hilsen-til-menigheten-i-anledning-av-festen-for-pauli-omvendelse","status":"publish","type":"post","link":"https:\/\/bergen.katolsk.no\/?p=7044","title":{"rendered":"SOGNEPRESTENS HILSEN TIL MENIGHETEN i anledning av festen for Pauli omvendelse"},"content":{"rendered":"<p><a href=\"http:\/\/bergen.katolsk.no\/wp-content\/uploads\/2015\/08\/alois-brodersen.jpg\"><img loading=\"lazy\" decoding=\"async\" class=\"alignleft wp-image-7061 size-medium\" src=\"http:\/\/bergen.katolsk.no\/wp-content\/uploads\/2015\/08\/alois-brodersen-300x300.jpg\" alt=\"alois-brodersen\" width=\"300\" height=\"300\" srcset=\"https:\/\/bergen.katolsk.no\/wp-content\/uploads\/2015\/08\/alois-brodersen-300x300.jpg 300w, https:\/\/bergen.katolsk.no\/wp-content\/uploads\/2015\/08\/alois-brodersen-150x150.jpg 150w, https:\/\/bergen.katolsk.no\/wp-content\/uploads\/2015\/08\/alois-brodersen-956x956.jpg 956w, https:\/\/bergen.katolsk.no\/wp-content\/uploads\/2015\/08\/alois-brodersen.jpg 1024w\" sizes=\"auto, (max-width: 300px) 100vw, 300px\" \/><\/a>Kj\u00e6re troende.<\/p>\n<p>V\u00e5r menighet, St. Paul romersk katolske menighet i Bergen, har n\u00e5 over 19 tusen medlemmer fra mer enn 120 forskjellige land. Denne store og forskjelligartede mengde, gir en god del utfordringer, n\u00e5r det gjelder plass og tid i kirken eller lokalene og n\u00e5r det gjelder kommunikasjon med prester og menighetskontor og gruppene imellom. Men den byr fremfor alt p\u00e5 en stor rikdom av \u00e5ndelig uttrykk og religi\u00f8s praksis; en rikdom i kultur og i menneskelig erfaring. Hver enkelt bringer s\u00e5 mye med seg og er med p\u00e5 \u00e5 bygge opp denne menigheten til det den skal v\u00e6re, et kraftfullt vitnesbyrd om Herrens Jesus Kristus: Dere er med p\u00e5 \u00e5 bygge opp et sosialt milj\u00f8 i de forskjellige nasjonale gruppene men ogs\u00e5 i menigheten som et hele. Ogs\u00e5 for v\u00e5r by og for hele samfunnet er det viktig at dere er her, ikke bare for det arbeidet dere utf\u00f8rer, men ogs\u00e5 fordi dere er de dere er \u2013 og, fremfor alt, fordi dere er bekjennende kristne, &#8211; katolske kristne. Vi er s\u00e5 forskjellige men allikevel s\u00e5 like; vi utgj\u00f8r et stort mangfold men er allikevel ett I Kristus.<\/p>\n<p>Det er viktig at vi ser hverandre, anerkjenner hverandre og tar imot hverandre, som mennesker, som troende kristne, og at vi kan samarbeide mot det felles m\u00e5l \u2013 \u00e5 bygge opp Jesu Kristi mystiske legeme, som er Kirken. Jesus Kristus er hodet \u2013 og vi er lemmene \u2013 som hver og en har v\u00e5r oppgave \u00e5 utf\u00f8re.<\/p>\n<p>I anledning av festen for apostelen Paulus omvendelse, som er menighetens patronatsfest og hvor vi feirer v\u00e5r menighetsfest, dvs. en fest for \u00e5 markere enheten og samholdet i v\u00e5r mangfoldige menighet, sender jeg min hilsen til hver og en i St. Paul menighet, med takk til Gud for at han har samlet oss til ett i Kirken og gir oss del i det ene br\u00f8d og den ene kalk, og gj\u00f8r oss til ett med Kristus og med hverandre.<\/p>\n<p>Hvorfor er vi her? Gud har kalt oss alle p\u00e5 mange forskjellige m\u00e5ter, og p\u00e5 mangslungne veier er vi kommet hit til Bergen og St. Paul menighet. Noen er kommet fra Norges fjorder og daler, andre fra andre himmelstr\u00f8k, fra hele kloden. Gud vil at vi skal v\u00e6re vitner om Hans S\u00f8nn, Jesus Kristus. Det skal vi gj\u00f8re, ved v\u00e5re liv som katolske kristne, ved v\u00e5re gjerninger og noen ganger ogs\u00e5 ved v\u00e5re ord. Jeg ser og er veldig takknemlig for det trosvitnesbyrd dere alle gir, og jeg takker dere alle for deres innsats for Guds rikes vekst i denne menigheten og denne byen.<\/p>\n<p>M\u00e5tte Gud velsigne dere til all god gjerning.<\/p>\n<p>Deres sogneprest Dom Alois<\/p>\n<p><strong>\u00a0<\/strong><\/p>\n","protected":false},"excerpt":{"rendered":"<p>Kj\u00e6re troende. V\u00e5r menighet, St. Paul romersk katolske menighet i Bergen, har n\u00e5 over 19 tusen medlemmer fra mer enn<\/p>\n","protected":false},"author":3,"featured_media":0,"comment_status":"closed","ping_status":"closed","sticky":false,"template":"","format":"standard","meta":{"colormag_page_container_layout":"default_layout","colormag_page_sidebar_layout":"default_layout","_exactmetrics_skip_tracking":false,"_exactmetrics_sitenote_active":false,"_exactmetrics_sitenote_note":"","_exactmetrics_sitenote_category":0,"footnotes":""},"categories":[1],"tags":[],"class_list":["post-7044","post","type-post","status-publish","format-standard","hentry","category-aktuelt"],"_links":{"self":[{"href":"https:\/\/bergen.katolsk.no\/index.php?rest_route=\/wp\/v2\/posts\/7044","targetHints":{"allow":["GET"]}}],"collection":[{"href":"https:\/\/bergen.katolsk.no\/index.php?rest_route=\/wp\/v2\/posts"}],"about":[{"href":"https:\/\/bergen.katolsk.no\/index.php?rest_route=\/wp\/v2\/types\/post"}],"author":[{"embeddable":true,"href":"https:\/\/bergen.katolsk.no\/index.php?rest_route=\/wp\/v2\/users\/3"}],"replies":[{"embeddable":true,"href":"https:\/\/bergen.katolsk.no\/index.php?rest_route=%2Fwp%2Fv2%2Fcomments&post=7044"}],"version-history":[{"count":6,"href":"https:\/\/bergen.katolsk.no\/index.php?rest_route=\/wp\/v2\/posts\/7044\/revisions"}],"predecessor-version":[{"id":7086,"href":"https:\/\/bergen.katolsk.no\/index.php?rest_route=\/wp\/v2\/posts\/7044\/revisions\/7086"}],"wp:attachment":[{"href":"https:\/\/bergen.katolsk.no\/index.php?rest_route=%2Fwp%2Fv2%2Fmedia&parent=7044"}],"wp:term":[{"taxonomy":"category","embeddable":true,"href":"https:\/\/bergen.katolsk.no\/index.php?rest_route=%2Fwp%2Fv2%2Fcategories&post=7044"},{"taxonomy":"post_tag","embeddable":true,"href":"https:\/\/bergen.katolsk.no\/index.php?rest_route=%2Fwp%2Fv2%2Ftags&post=7044"}],"curies":[{"name":"wp","href":"https:\/\/api.w.org\/{rel}","templated":true}]}}