{"id":7247,"date":"2018-02-20T08:21:11","date_gmt":"2018-02-20T08:21:11","guid":{"rendered":"http:\/\/bergen.katolsk.no\/?p=7247"},"modified":"2018-02-20T08:34:42","modified_gmt":"2018-02-20T08:34:42","slug":"takk-for-en-vakker-retrett-med-p-hallvard-hole","status":"publish","type":"post","link":"https:\/\/bergen.katolsk.no\/?p=7247","title":{"rendered":"Takk for en vakker retrett med p. Hallvard Hole !"},"content":{"rendered":"<div><a href=\"http:\/\/bergen.katolsk.no\/wp-content\/uploads\/2018\/02\/tn_DSC_1135-21.jpg\"><img loading=\"lazy\" decoding=\"async\" class=\"alignleft wp-image-7249 size-medium\" src=\"http:\/\/bergen.katolsk.no\/wp-content\/uploads\/2018\/02\/tn_DSC_1135-21-259x300.jpg\" alt=\"tn_DSC_1135-2\" width=\"259\" height=\"300\" srcset=\"https:\/\/bergen.katolsk.no\/wp-content\/uploads\/2018\/02\/tn_DSC_1135-21-259x300.jpg 259w, https:\/\/bergen.katolsk.no\/wp-content\/uploads\/2018\/02\/tn_DSC_1135-21.jpg 339w\" sizes=\"auto, (max-width: 259px) 100vw, 259px\" \/><\/a><\/div>\n<div>Denne helgen har en liten gruppe unge voksne i v\u00e5r menighet v\u00e6rt med p\u00e5 fasteretrett med p.Hallvard Hole OFM, \u00a0med Trosbekjennelsen som tema: &#8220;Av tro til tro&#8221; &#8211; en refleksjon over v\u00e5r tro og v\u00e5rt liv. Det var foredrag, samtaler, tilbedelse og lovsang p\u00e5 l\u00f8rdag, en sosial kveld etterp\u00e5 og avslutning p\u00e5 s\u00f8ndag med egen kirkekaffe.<\/div>\n<div>Etter f\u00f8rste gang med et slikt arrangement i St. Paul gleder vi oss allerede til flere! sier barne- og ungdomsarbeider Marta Krakus.<\/div>\n<div><\/div>\n<div><a href=\"http:\/\/bergen.katolsk.no\/wp-content\/uploads\/2018\/02\/IMG_7466.jpg\"><img loading=\"lazy\" decoding=\"async\" class=\"alignleft wp-image-7250 size-full\" src=\"http:\/\/bergen.katolsk.no\/wp-content\/uploads\/2018\/02\/IMG_7466.jpg\" alt=\"IMG_7466\" width=\"864\" height=\"648\" srcset=\"https:\/\/bergen.katolsk.no\/wp-content\/uploads\/2018\/02\/IMG_7466.jpg 864w, https:\/\/bergen.katolsk.no\/wp-content\/uploads\/2018\/02\/IMG_7466-300x225.jpg 300w\" sizes=\"auto, (max-width: 864px) 100vw, 864px\" \/><br \/>\n<\/a><\/div>\n<div><a href=\"http:\/\/bergen.katolsk.no\/wp-content\/uploads\/2018\/02\/IMG_7469.jpg\"><img loading=\"lazy\" decoding=\"async\" class=\"alignleft wp-image-7251 size-full\" src=\"http:\/\/bergen.katolsk.no\/wp-content\/uploads\/2018\/02\/IMG_7469.jpg\" alt=\"IMG_7469\" width=\"864\" height=\"648\" srcset=\"https:\/\/bergen.katolsk.no\/wp-content\/uploads\/2018\/02\/IMG_7469.jpg 864w, https:\/\/bergen.katolsk.no\/wp-content\/uploads\/2018\/02\/IMG_7469-300x225.jpg 300w\" sizes=\"auto, (max-width: 864px) 100vw, 864px\" \/><br \/>\n<\/a><\/div>\n","protected":false},"excerpt":{"rendered":"<p>Denne helgen har en liten gruppe unge voksne i v\u00e5r menighet v\u00e6rt med p\u00e5 fasteretrett med p.Hallvard Hole OFM, \u00a0med<\/p>\n","protected":false},"author":3,"featured_media":0,"comment_status":"closed","ping_status":"closed","sticky":false,"template":"","format":"standard","meta":{"colormag_page_container_layout":"default_layout","colormag_page_sidebar_layout":"default_layout","_exactmetrics_skip_tracking":false,"_exactmetrics_sitenote_active":false,"_exactmetrics_sitenote_note":"","_exactmetrics_sitenote_category":0,"footnotes":""},"categories":[1],"tags":[],"class_list":["post-7247","post","type-post","status-publish","format-standard","hentry","category-aktuelt"],"_links":{"self":[{"href":"https:\/\/bergen.katolsk.no\/index.php?rest_route=\/wp\/v2\/posts\/7247","targetHints":{"allow":["GET"]}}],"collection":[{"href":"https:\/\/bergen.katolsk.no\/index.php?rest_route=\/wp\/v2\/posts"}],"about":[{"href":"https:\/\/bergen.katolsk.no\/index.php?rest_route=\/wp\/v2\/types\/post"}],"author":[{"embeddable":true,"href":"https:\/\/bergen.katolsk.no\/index.php?rest_route=\/wp\/v2\/users\/3"}],"replies":[{"embeddable":true,"href":"https:\/\/bergen.katolsk.no\/index.php?rest_route=%2Fwp%2Fv2%2Fcomments&post=7247"}],"version-history":[{"count":6,"href":"https:\/\/bergen.katolsk.no\/index.php?rest_route=\/wp\/v2\/posts\/7247\/revisions"}],"predecessor-version":[{"id":7256,"href":"https:\/\/bergen.katolsk.no\/index.php?rest_route=\/wp\/v2\/posts\/7247\/revisions\/7256"}],"wp:attachment":[{"href":"https:\/\/bergen.katolsk.no\/index.php?rest_route=%2Fwp%2Fv2%2Fmedia&parent=7247"}],"wp:term":[{"taxonomy":"category","embeddable":true,"href":"https:\/\/bergen.katolsk.no\/index.php?rest_route=%2Fwp%2Fv2%2Fcategories&post=7247"},{"taxonomy":"post_tag","embeddable":true,"href":"https:\/\/bergen.katolsk.no\/index.php?rest_route=%2Fwp%2Fv2%2Ftags&post=7247"}],"curies":[{"name":"wp","href":"https:\/\/api.w.org\/{rel}","templated":true}]}}