{"id":7383,"date":"2018-03-23T19:47:37","date_gmt":"2018-03-23T19:47:37","guid":{"rendered":"http:\/\/bergen.katolsk.no\/?p=7383"},"modified":"2018-03-11T20:23:16","modified_gmt":"2018-03-11T20:23:16","slug":"pater-wilhelmus-hertman-o-f-m-feirer-75ars-jubileum-4-april","status":"publish","type":"post","link":"https:\/\/bergen.katolsk.no\/?p=7383","title":{"rendered":"Pater Wilhelmus Hertman O.F.M feirer 75\u00e5rs jubileum 4. april"},"content":{"rendered":"<p><a href=\"http:\/\/bergen.katolsk.no\/wp-content\/uploads\/2018\/03\/whertman.jpg\"><img loading=\"lazy\" decoding=\"async\" class=\"alignleft wp-image-7382 size-full\" src=\"http:\/\/bergen.katolsk.no\/wp-content\/uploads\/2018\/03\/whertman.jpg\" alt=\"whertman\" width=\"180\" height=\"235\" \/><\/a>Pater Wilhelmus Hertman O.F.M. var i St. Paul menighet mellom 1954 \u2013 1987 (f\u00f8rst som rektor for St. Franciskus Xaverius-s\u00f8strene p\u00e5 \u00abFlorida\u00bb sykehus, og deretter som sogneprest). Han vil feire 75\u00e5rs jubileum for sin prestevielse 4. april 2018. Vi gratulerer med dagen!<\/p>\n<p>Samtidig gj\u00f8r vi oppmerksom p\u00e5 at han blir 100 \u00e5r 10.oktober i \u00e5r.<\/p>\n<p>Han flyttet til sitt kloster i Nijmegen i 2015 og hadde det godt der med sine medbr\u00f8dre. Etter et fall i h\u00f8st trengte han mer pleie enn franciskanerne kunne gi ham. Han er derfor p\u00e5 et pleiehjem drevet av jesuittene. Der har han det godt og er takknemlig for alt som gj\u00f8res for ham. Han blir ogs\u00e5 fulgt opp jevnlig av franciskanerne.<\/p>\n<p>For mer informasjon kan du henvende deg til Eli Werner tlf.97677534. epost: <a href=\"mailto:eli-werner@hotmail.com\">eli-werner@hotmail.com<\/a><\/p>\n<p>Les mer om p.Hertman <a href=\"http:\/\/www.katolsk.no\/biografier\/innenriks\/whertman\" target=\"_blank\">her<\/a><\/p>\n","protected":false},"excerpt":{"rendered":"<p>Pater Wilhelmus Hertman O.F.M. var i St. Paul menighet mellom 1954 \u2013 1987 (f\u00f8rst som rektor for St. Franciskus Xaverius-s\u00f8strene<\/p>\n","protected":false},"author":3,"featured_media":0,"comment_status":"closed","ping_status":"closed","sticky":false,"template":"","format":"standard","meta":{"colormag_page_container_layout":"default_layout","colormag_page_sidebar_layout":"default_layout","_exactmetrics_skip_tracking":false,"_exactmetrics_sitenote_active":false,"_exactmetrics_sitenote_note":"","_exactmetrics_sitenote_category":0,"footnotes":""},"categories":[1],"tags":[],"class_list":["post-7383","post","type-post","status-publish","format-standard","hentry","category-aktuelt"],"_links":{"self":[{"href":"https:\/\/bergen.katolsk.no\/index.php?rest_route=\/wp\/v2\/posts\/7383","targetHints":{"allow":["GET"]}}],"collection":[{"href":"https:\/\/bergen.katolsk.no\/index.php?rest_route=\/wp\/v2\/posts"}],"about":[{"href":"https:\/\/bergen.katolsk.no\/index.php?rest_route=\/wp\/v2\/types\/post"}],"author":[{"embeddable":true,"href":"https:\/\/bergen.katolsk.no\/index.php?rest_route=\/wp\/v2\/users\/3"}],"replies":[{"embeddable":true,"href":"https:\/\/bergen.katolsk.no\/index.php?rest_route=%2Fwp%2Fv2%2Fcomments&post=7383"}],"version-history":[{"count":4,"href":"https:\/\/bergen.katolsk.no\/index.php?rest_route=\/wp\/v2\/posts\/7383\/revisions"}],"predecessor-version":[{"id":7389,"href":"https:\/\/bergen.katolsk.no\/index.php?rest_route=\/wp\/v2\/posts\/7383\/revisions\/7389"}],"wp:attachment":[{"href":"https:\/\/bergen.katolsk.no\/index.php?rest_route=%2Fwp%2Fv2%2Fmedia&parent=7383"}],"wp:term":[{"taxonomy":"category","embeddable":true,"href":"https:\/\/bergen.katolsk.no\/index.php?rest_route=%2Fwp%2Fv2%2Fcategories&post=7383"},{"taxonomy":"post_tag","embeddable":true,"href":"https:\/\/bergen.katolsk.no\/index.php?rest_route=%2Fwp%2Fv2%2Ftags&post=7383"}],"curies":[{"name":"wp","href":"https:\/\/api.w.org\/{rel}","templated":true}]}}