{"id":7481,"date":"2018-03-24T12:45:55","date_gmt":"2018-03-24T12:45:55","guid":{"rendered":"http:\/\/bergen.katolsk.no\/?p=7481"},"modified":"2018-03-24T12:45:55","modified_gmt":"2018-03-24T12:45:55","slug":"ekstrem-korsvei-5","status":"publish","type":"post","link":"https:\/\/bergen.katolsk.no\/?p=7481","title":{"rendered":"Ekstrem korsvei"},"content":{"rendered":"<figure id=\"attachment_7490\" aria-describedby=\"caption-attachment-7490\" style=\"width: 1000px\" class=\"wp-caption alignnone\"><a href=\"http:\/\/bergen.katolsk.no\/wp-content\/uploads\/2018\/03\/tn_IMG_5859.jpg\"><img loading=\"lazy\" decoding=\"async\" class=\"wp-image-7490 size-full\" src=\"http:\/\/bergen.katolsk.no\/wp-content\/uploads\/2018\/03\/tn_IMG_5859.jpg\" alt=\"Mesteparten samlet utenfor kirken f\u00f8r avgang\" width=\"1000\" height=\"667\" srcset=\"https:\/\/bergen.katolsk.no\/wp-content\/uploads\/2018\/03\/tn_IMG_5859.jpg 1000w, https:\/\/bergen.katolsk.no\/wp-content\/uploads\/2018\/03\/tn_IMG_5859-300x200.jpg 300w, https:\/\/bergen.katolsk.no\/wp-content\/uploads\/2018\/03\/tn_IMG_5859-956x637.jpg 956w\" sizes=\"auto, (max-width: 1000px) 100vw, 1000px\" \/><\/a><figcaption id=\"caption-attachment-7490\" class=\"wp-caption-text\">Mesteparten samlet utenfor kirken f\u00f8r avgang<\/figcaption><\/figure>\n<p>Etter kveldsmessen fredag 23. mars var det en gjeng p\u00e5 rundt 40 personer som samlet seg utenfor St. Paul kirke for \u00e5 g\u00e5 ekstremvarianten av korsveien. Vi vandret gjennom sentrum, nesten ut p\u00e5 enden av Eidsv\u00e5gneset f\u00f8r vi dreide tilbake igjen og fulgte veier og stier litt mer i h\u00f8yden tilbake mot Fl\u00f8yen. Vi skulle egentlig v\u00e6rt en tur opp til Rundemanen ogs\u00e5, men der var veien stengt av sn\u00f8skred. I stedet gikk vi en runde ned fra Fl\u00f8yen og til Starefossen og opp igjen p\u00e5 Fl\u00f8yen f\u00f8r vi vandret ned igjen til sentrum og ut p\u00e5 Nordnes f\u00f8r vi\u00a0 vendte tilbake til kirken. V\u00e6ret var ikke verdens beste, det bl\u00e5ste litt, og det var ogs\u00e5 en god del regn i l\u00f8pet av natten. Det var en god del sn\u00f8 og is p\u00e5 veiene, dette f\u00f8rte ogs\u00e5 til noen ekstra utfordringer siden det var veldig glatt mange steder, og der trakket gikk p\u00e5 sn\u00f8 var det lett \u00e5 synke med i sn\u00f8en hvis man bommet litt p\u00e5 der det var trakket fast fra f\u00f8r.<\/p>\n<p>I l\u00f8pet av vandringen stoppet vi i st\u00f8rre og mindre grupper for \u00e5 lese b\u00f8nnene og bibeltekstene som h\u00f8rer til korsveiens 14 stasjoner. F\u00f8rste og siste stasjon var ved kirken og ellers fant vi egnede steder med godt nok lys til \u00e5 lese der i st\u00f8rre eller mindre grupper. Vandringen ga god mulighet til \u00e5 tenke over temaene mellom hver stasjon. En s\u00e5nn tur p\u00e5 over 30 km om natten er kanskje ikke noe for alle, men for de som har mulighet er det en fin utfordring og en god m\u00e5te \u00e5 n\u00e6rme seg p\u00e5skens mysterier p\u00e5 en ny m\u00e5te.<\/p>\n<p>Takk til initiativtakerne, til p. Janusz og p. Tao og andre som har v\u00e6rt med p\u00e5 planlegging og gjennomf\u00f8ring. Ruten var krevende og utfordrende, og den hadde mange lure veivalg som m\u00e5 ha krevd stor lokalkjennskap for \u00e5 legge ruten.<\/p>\n<p>Her kommer noen bilder fra nattens vandring:<\/p>\n<figure id=\"attachment_7489\" aria-describedby=\"caption-attachment-7489\" style=\"width: 1000px\" class=\"wp-caption alignleft\"><a href=\"http:\/\/bergen.katolsk.no\/wp-content\/uploads\/2018\/03\/tn_IMG_5856-2.jpg\"><img loading=\"lazy\" decoding=\"async\" class=\"size-full wp-image-7489\" src=\"http:\/\/bergen.katolsk.no\/wp-content\/uploads\/2018\/03\/tn_IMG_5856-2.jpg\" alt=\"Messen. Ved avslutning av messen fikk korsveivandrerne en egen velsignelse.\" width=\"1000\" height=\"667\" srcset=\"https:\/\/bergen.katolsk.no\/wp-content\/uploads\/2018\/03\/tn_IMG_5856-2.jpg 1000w, https:\/\/bergen.katolsk.no\/wp-content\/uploads\/2018\/03\/tn_IMG_5856-2-300x200.jpg 300w, https:\/\/bergen.katolsk.no\/wp-content\/uploads\/2018\/03\/tn_IMG_5856-2-956x637.jpg 956w\" sizes=\"auto, (max-width: 1000px) 100vw, 1000px\" \/><\/a><figcaption id=\"caption-attachment-7489\" class=\"wp-caption-text\">Messen. Ved avslutning av messen fikk korsveivandrerne en egen velsignelse.<\/figcaption><\/figure>\n<figure id=\"attachment_7482\" aria-describedby=\"caption-attachment-7482\" style=\"width: 1000px\" class=\"wp-caption alignleft\"><a href=\"http:\/\/bergen.katolsk.no\/wp-content\/uploads\/2018\/03\/tn_IMG_5864.jpg\"><img loading=\"lazy\" decoding=\"async\" class=\"size-full wp-image-7482\" src=\"http:\/\/bergen.katolsk.no\/wp-content\/uploads\/2018\/03\/tn_IMG_5864.jpg\" alt=\"I starten, vandring langs Christies gate\" width=\"1000\" height=\"667\" srcset=\"https:\/\/bergen.katolsk.no\/wp-content\/uploads\/2018\/03\/tn_IMG_5864.jpg 1000w, https:\/\/bergen.katolsk.no\/wp-content\/uploads\/2018\/03\/tn_IMG_5864-300x200.jpg 300w, https:\/\/bergen.katolsk.no\/wp-content\/uploads\/2018\/03\/tn_IMG_5864-956x637.jpg 956w\" sizes=\"auto, (max-width: 1000px) 100vw, 1000px\" \/><\/a><figcaption id=\"caption-attachment-7482\" class=\"wp-caption-text\">I starten, vandring langs Christies gate<\/figcaption><\/figure>\n<figure id=\"attachment_7483\" aria-describedby=\"caption-attachment-7483\" style=\"width: 667px\" class=\"wp-caption alignleft\"><a href=\"http:\/\/bergen.katolsk.no\/wp-content\/uploads\/2018\/03\/tn_IMG_5871-e1521894486163.jpg\"><img loading=\"lazy\" decoding=\"async\" class=\"size-full wp-image-7483\" src=\"http:\/\/bergen.katolsk.no\/wp-content\/uploads\/2018\/03\/tn_IMG_5871-e1521894486163.jpg\" alt=\"P\u00e5 vei mot Hellen\" width=\"667\" height=\"1000\" srcset=\"https:\/\/bergen.katolsk.no\/wp-content\/uploads\/2018\/03\/tn_IMG_5871-e1521894486163.jpg 667w, https:\/\/bergen.katolsk.no\/wp-content\/uploads\/2018\/03\/tn_IMG_5871-e1521894486163-200x300.jpg 200w\" sizes=\"auto, (max-width: 667px) 100vw, 667px\" \/><\/a><figcaption id=\"caption-attachment-7483\" class=\"wp-caption-text\">P\u00e5 vei mot Hellen<\/figcaption><\/figure>\n<figure id=\"attachment_7484\" aria-describedby=\"caption-attachment-7484\" style=\"width: 1000px\" class=\"wp-caption alignleft\"><a href=\"http:\/\/bergen.katolsk.no\/wp-content\/uploads\/2018\/03\/tn_IMG_5878.jpg\"><img loading=\"lazy\" decoding=\"async\" class=\"size-full wp-image-7484\" src=\"http:\/\/bergen.katolsk.no\/wp-content\/uploads\/2018\/03\/tn_IMG_5878.jpg\" alt=\"Motbakke med utfordringer..\" width=\"1000\" height=\"667\" srcset=\"https:\/\/bergen.katolsk.no\/wp-content\/uploads\/2018\/03\/tn_IMG_5878.jpg 1000w, https:\/\/bergen.katolsk.no\/wp-content\/uploads\/2018\/03\/tn_IMG_5878-300x200.jpg 300w, https:\/\/bergen.katolsk.no\/wp-content\/uploads\/2018\/03\/tn_IMG_5878-956x637.jpg 956w\" sizes=\"auto, (max-width: 1000px) 100vw, 1000px\" \/><\/a><figcaption id=\"caption-attachment-7484\" class=\"wp-caption-text\">Motbakke med utfordringer.. Her var det veldig glatt og isete p\u00e5 veien, s\u00e5 mange gikk i gr\u00f8ften i stedet<\/figcaption><\/figure>\n<figure id=\"attachment_7485\" aria-describedby=\"caption-attachment-7485\" style=\"width: 1000px\" class=\"wp-caption alignleft\"><a href=\"http:\/\/bergen.katolsk.no\/wp-content\/uploads\/2018\/03\/tn_IMG_5891.jpg\"><img loading=\"lazy\" decoding=\"async\" class=\"size-full wp-image-7485\" src=\"http:\/\/bergen.katolsk.no\/wp-content\/uploads\/2018\/03\/tn_IMG_5891.jpg\" alt=\"Stasjon 5  &quot;Simon fra Kyrene hjelper Jesus \u00e5 b\u00e6re korset&quot;\" width=\"1000\" height=\"667\" srcset=\"https:\/\/bergen.katolsk.no\/wp-content\/uploads\/2018\/03\/tn_IMG_5891.jpg 1000w, https:\/\/bergen.katolsk.no\/wp-content\/uploads\/2018\/03\/tn_IMG_5891-300x200.jpg 300w, https:\/\/bergen.katolsk.no\/wp-content\/uploads\/2018\/03\/tn_IMG_5891-956x637.jpg 956w\" sizes=\"auto, (max-width: 1000px) 100vw, 1000px\" \/><\/a><figcaption id=\"caption-attachment-7485\" class=\"wp-caption-text\">Stasjon 5 &#8220;Simon fra Kyrene hjelper Jesus \u00e5 b\u00e6re korset&#8221;<\/figcaption><\/figure>\n<figure id=\"attachment_7486\" aria-describedby=\"caption-attachment-7486\" style=\"width: 667px\" class=\"wp-caption alignleft\"><a href=\"http:\/\/bergen.katolsk.no\/wp-content\/uploads\/2018\/03\/tn_IMG_5895-e1521894541837.jpg\"><img loading=\"lazy\" decoding=\"async\" class=\"size-full wp-image-7486\" src=\"http:\/\/bergen.katolsk.no\/wp-content\/uploads\/2018\/03\/tn_IMG_5895-e1521894541837.jpg\" alt=\"P. Tao leder korsveien. Stasjon 6, &quot;Veronika rekker Jesus svetteduken&quot;\" width=\"667\" height=\"1000\" srcset=\"https:\/\/bergen.katolsk.no\/wp-content\/uploads\/2018\/03\/tn_IMG_5895-e1521894541837.jpg 667w, https:\/\/bergen.katolsk.no\/wp-content\/uploads\/2018\/03\/tn_IMG_5895-e1521894541837-200x300.jpg 200w\" sizes=\"auto, (max-width: 667px) 100vw, 667px\" \/><\/a><figcaption id=\"caption-attachment-7486\" class=\"wp-caption-text\">P. Tao leder korsveien. Stasjon 6, &#8220;Veronika rekker Jesus svetteduken&#8221;<\/figcaption><\/figure>\n<figure id=\"attachment_7487\" aria-describedby=\"caption-attachment-7487\" style=\"width: 1000px\" class=\"wp-caption alignleft\"><a href=\"http:\/\/bergen.katolsk.no\/wp-content\/uploads\/2018\/03\/tn_IMG_5902.jpg\"><img loading=\"lazy\" decoding=\"async\" class=\"size-full wp-image-7487\" src=\"http:\/\/bergen.katolsk.no\/wp-content\/uploads\/2018\/03\/tn_IMG_5902.jpg\" alt=\"P\u00e5 vei mot Fl\u00f8yen etter en tur til Starefossen\" width=\"1000\" height=\"667\" srcset=\"https:\/\/bergen.katolsk.no\/wp-content\/uploads\/2018\/03\/tn_IMG_5902.jpg 1000w, https:\/\/bergen.katolsk.no\/wp-content\/uploads\/2018\/03\/tn_IMG_5902-300x200.jpg 300w, https:\/\/bergen.katolsk.no\/wp-content\/uploads\/2018\/03\/tn_IMG_5902-956x637.jpg 956w\" sizes=\"auto, (max-width: 1000px) 100vw, 1000px\" \/><\/a><figcaption id=\"caption-attachment-7487\" class=\"wp-caption-text\">P\u00e5 vei mot Fl\u00f8yen etter en tur til Starefossen<\/figcaption><\/figure>\n<figure id=\"attachment_7488\" aria-describedby=\"caption-attachment-7488\" style=\"width: 1000px\" class=\"wp-caption alignleft\"><a href=\"http:\/\/bergen.katolsk.no\/wp-content\/uploads\/2018\/03\/tn_IMG_5904.jpg\"><img loading=\"lazy\" decoding=\"async\" class=\"size-full wp-image-7488\" src=\"http:\/\/bergen.katolsk.no\/wp-content\/uploads\/2018\/03\/tn_IMG_5904.jpg\" alt=\"Utsikt fra Fl\u00f8yen\" width=\"1000\" height=\"667\" srcset=\"https:\/\/bergen.katolsk.no\/wp-content\/uploads\/2018\/03\/tn_IMG_5904.jpg 1000w, https:\/\/bergen.katolsk.no\/wp-content\/uploads\/2018\/03\/tn_IMG_5904-300x200.jpg 300w, https:\/\/bergen.katolsk.no\/wp-content\/uploads\/2018\/03\/tn_IMG_5904-956x637.jpg 956w\" sizes=\"auto, (max-width: 1000px) 100vw, 1000px\" \/><\/a><figcaption id=\"caption-attachment-7488\" class=\"wp-caption-text\">Utsikt fra Fl\u00f8yen kl ca 3 om natten<\/figcaption><\/figure>\n","protected":false},"excerpt":{"rendered":"<p>Etter kveldsmessen fredag 23. mars var det en gjeng p\u00e5 rundt 40 personer som samlet seg utenfor St. Paul kirke<\/p>\n","protected":false},"author":6,"featured_media":0,"comment_status":"closed","ping_status":"closed","sticky":false,"template":"","format":"standard","meta":{"colormag_page_container_layout":"default_layout","colormag_page_sidebar_layout":"default_layout","_exactmetrics_skip_tracking":false,"_exactmetrics_sitenote_active":false,"_exactmetrics_sitenote_note":"","_exactmetrics_sitenote_category":0,"footnotes":""},"categories":[1],"tags":[],"class_list":["post-7481","post","type-post","status-publish","format-standard","hentry","category-aktuelt"],"_links":{"self":[{"href":"https:\/\/bergen.katolsk.no\/index.php?rest_route=\/wp\/v2\/posts\/7481","targetHints":{"allow":["GET"]}}],"collection":[{"href":"https:\/\/bergen.katolsk.no\/index.php?rest_route=\/wp\/v2\/posts"}],"about":[{"href":"https:\/\/bergen.katolsk.no\/index.php?rest_route=\/wp\/v2\/types\/post"}],"author":[{"embeddable":true,"href":"https:\/\/bergen.katolsk.no\/index.php?rest_route=\/wp\/v2\/users\/6"}],"replies":[{"embeddable":true,"href":"https:\/\/bergen.katolsk.no\/index.php?rest_route=%2Fwp%2Fv2%2Fcomments&post=7481"}],"version-history":[{"count":1,"href":"https:\/\/bergen.katolsk.no\/index.php?rest_route=\/wp\/v2\/posts\/7481\/revisions"}],"predecessor-version":[{"id":7491,"href":"https:\/\/bergen.katolsk.no\/index.php?rest_route=\/wp\/v2\/posts\/7481\/revisions\/7491"}],"wp:attachment":[{"href":"https:\/\/bergen.katolsk.no\/index.php?rest_route=%2Fwp%2Fv2%2Fmedia&parent=7481"}],"wp:term":[{"taxonomy":"category","embeddable":true,"href":"https:\/\/bergen.katolsk.no\/index.php?rest_route=%2Fwp%2Fv2%2Fcategories&post=7481"},{"taxonomy":"post_tag","embeddable":true,"href":"https:\/\/bergen.katolsk.no\/index.php?rest_route=%2Fwp%2Fv2%2Ftags&post=7481"}],"curies":[{"name":"wp","href":"https:\/\/api.w.org\/{rel}","templated":true}]}}