{"id":7492,"date":"2018-03-25T22:14:41","date_gmt":"2018-03-25T22:14:41","guid":{"rendered":"http:\/\/bergen.katolsk.no\/?p=7492"},"modified":"2018-03-25T22:14:41","modified_gmt":"2018-03-25T22:14:41","slug":"palmesondag-3","status":"publish","type":"post","link":"https:\/\/bergen.katolsk.no\/?p=7492","title":{"rendered":"Palmes\u00f8ndag"},"content":{"rendered":"<p>Palmes\u00f8ndag har blitt feiret i messene denne helgen med prosesjoner b\u00e5de ute og inne. Den polske gruppen hadde laget ekstra fine &#8220;palmer&#8221; som de solgte til inntekt for Caritas. Her kommer noen bilder fra h\u00f8ymessen. Den startet p\u00e5 skoleplassen hvor palmene ble velsignet og evangeliet lest f\u00f8r prosesjonen gikk rundt kirken og inn til resten av messen.<br \/>\n<a href=\"http:\/\/bergen.katolsk.no\/wp-content\/uploads\/2018\/03\/tn_DSC_2338.jpg\"><img loading=\"lazy\" decoding=\"async\" class=\"alignleft size-full wp-image-7501\" src=\"http:\/\/bergen.katolsk.no\/wp-content\/uploads\/2018\/03\/tn_DSC_2338.jpg\" alt=\"tn_DSC_2338\" width=\"1000\" height=\"667\" srcset=\"https:\/\/bergen.katolsk.no\/wp-content\/uploads\/2018\/03\/tn_DSC_2338.jpg 1000w, https:\/\/bergen.katolsk.no\/wp-content\/uploads\/2018\/03\/tn_DSC_2338-300x200.jpg 300w, https:\/\/bergen.katolsk.no\/wp-content\/uploads\/2018\/03\/tn_DSC_2338-956x637.jpg 956w\" sizes=\"auto, (max-width: 1000px) 100vw, 1000px\" \/><\/a><a href=\"http:\/\/bergen.katolsk.no\/wp-content\/uploads\/2018\/03\/tn_DSC_2340-2.jpg\"><img loading=\"lazy\" decoding=\"async\" class=\"alignleft size-full wp-image-7493\" src=\"http:\/\/bergen.katolsk.no\/wp-content\/uploads\/2018\/03\/tn_DSC_2340-2.jpg\" alt=\"tn_DSC_2340 (2)\" width=\"1000\" height=\"667\" srcset=\"https:\/\/bergen.katolsk.no\/wp-content\/uploads\/2018\/03\/tn_DSC_2340-2.jpg 1000w, https:\/\/bergen.katolsk.no\/wp-content\/uploads\/2018\/03\/tn_DSC_2340-2-300x200.jpg 300w, https:\/\/bergen.katolsk.no\/wp-content\/uploads\/2018\/03\/tn_DSC_2340-2-956x637.jpg 956w\" sizes=\"auto, (max-width: 1000px) 100vw, 1000px\" \/><\/a><a href=\"http:\/\/bergen.katolsk.no\/wp-content\/uploads\/2018\/03\/tn_DSC_2366.jpg\"><img loading=\"lazy\" decoding=\"async\" class=\"alignleft size-full wp-image-7494\" src=\"http:\/\/bergen.katolsk.no\/wp-content\/uploads\/2018\/03\/tn_DSC_2366.jpg\" alt=\"tn_DSC_2366\" width=\"1000\" height=\"667\" srcset=\"https:\/\/bergen.katolsk.no\/wp-content\/uploads\/2018\/03\/tn_DSC_2366.jpg 1000w, https:\/\/bergen.katolsk.no\/wp-content\/uploads\/2018\/03\/tn_DSC_2366-300x200.jpg 300w, https:\/\/bergen.katolsk.no\/wp-content\/uploads\/2018\/03\/tn_DSC_2366-956x637.jpg 956w\" sizes=\"auto, (max-width: 1000px) 100vw, 1000px\" \/><\/a><a href=\"http:\/\/bergen.katolsk.no\/wp-content\/uploads\/2018\/03\/tn_DSC_2379.jpg\"><img loading=\"lazy\" decoding=\"async\" class=\"alignleft size-full wp-image-7495\" src=\"http:\/\/bergen.katolsk.no\/wp-content\/uploads\/2018\/03\/tn_DSC_2379.jpg\" alt=\"tn_DSC_2379\" width=\"1000\" height=\"667\" srcset=\"https:\/\/bergen.katolsk.no\/wp-content\/uploads\/2018\/03\/tn_DSC_2379.jpg 1000w, https:\/\/bergen.katolsk.no\/wp-content\/uploads\/2018\/03\/tn_DSC_2379-300x200.jpg 300w, https:\/\/bergen.katolsk.no\/wp-content\/uploads\/2018\/03\/tn_DSC_2379-956x637.jpg 956w\" sizes=\"auto, (max-width: 1000px) 100vw, 1000px\" \/><\/a><a href=\"http:\/\/bergen.katolsk.no\/wp-content\/uploads\/2018\/03\/tn_DSC_2416.jpg\"><img loading=\"lazy\" decoding=\"async\" class=\"alignleft size-full wp-image-7496\" src=\"http:\/\/bergen.katolsk.no\/wp-content\/uploads\/2018\/03\/tn_DSC_2416.jpg\" alt=\"tn_DSC_2416\" width=\"1000\" height=\"667\" srcset=\"https:\/\/bergen.katolsk.no\/wp-content\/uploads\/2018\/03\/tn_DSC_2416.jpg 1000w, https:\/\/bergen.katolsk.no\/wp-content\/uploads\/2018\/03\/tn_DSC_2416-300x200.jpg 300w, https:\/\/bergen.katolsk.no\/wp-content\/uploads\/2018\/03\/tn_DSC_2416-956x637.jpg 956w\" sizes=\"auto, (max-width: 1000px) 100vw, 1000px\" \/><\/a><a href=\"http:\/\/bergen.katolsk.no\/wp-content\/uploads\/2018\/03\/tn_DSC_2443.jpg\"><img loading=\"lazy\" decoding=\"async\" class=\"alignleft size-full wp-image-7497\" src=\"http:\/\/bergen.katolsk.no\/wp-content\/uploads\/2018\/03\/tn_DSC_2443.jpg\" alt=\"tn_DSC_2443\" width=\"1000\" height=\"667\" srcset=\"https:\/\/bergen.katolsk.no\/wp-content\/uploads\/2018\/03\/tn_DSC_2443.jpg 1000w, https:\/\/bergen.katolsk.no\/wp-content\/uploads\/2018\/03\/tn_DSC_2443-300x200.jpg 300w, https:\/\/bergen.katolsk.no\/wp-content\/uploads\/2018\/03\/tn_DSC_2443-956x637.jpg 956w\" sizes=\"auto, (max-width: 1000px) 100vw, 1000px\" \/><\/a><a href=\"http:\/\/bergen.katolsk.no\/wp-content\/uploads\/2018\/03\/tn_DSC_2457.jpg\"><img loading=\"lazy\" decoding=\"async\" class=\"alignleft size-full wp-image-7498\" src=\"http:\/\/bergen.katolsk.no\/wp-content\/uploads\/2018\/03\/tn_DSC_2457.jpg\" alt=\"tn_DSC_2457\" width=\"1000\" height=\"667\" srcset=\"https:\/\/bergen.katolsk.no\/wp-content\/uploads\/2018\/03\/tn_DSC_2457.jpg 1000w, https:\/\/bergen.katolsk.no\/wp-content\/uploads\/2018\/03\/tn_DSC_2457-300x200.jpg 300w, https:\/\/bergen.katolsk.no\/wp-content\/uploads\/2018\/03\/tn_DSC_2457-956x637.jpg 956w\" sizes=\"auto, (max-width: 1000px) 100vw, 1000px\" \/><\/a><a href=\"http:\/\/bergen.katolsk.no\/wp-content\/uploads\/2018\/03\/tn_DSC_2466.jpg\"><img loading=\"lazy\" decoding=\"async\" class=\"alignleft size-full wp-image-7499\" src=\"http:\/\/bergen.katolsk.no\/wp-content\/uploads\/2018\/03\/tn_DSC_2466.jpg\" alt=\"tn_DSC_2466\" width=\"1000\" height=\"667\" srcset=\"https:\/\/bergen.katolsk.no\/wp-content\/uploads\/2018\/03\/tn_DSC_2466.jpg 1000w, https:\/\/bergen.katolsk.no\/wp-content\/uploads\/2018\/03\/tn_DSC_2466-300x200.jpg 300w, https:\/\/bergen.katolsk.no\/wp-content\/uploads\/2018\/03\/tn_DSC_2466-956x637.jpg 956w\" sizes=\"auto, (max-width: 1000px) 100vw, 1000px\" \/><\/a><br \/>\n<a href=\"http:\/\/bergen.katolsk.no\/wp-content\/uploads\/2018\/03\/tn_DSC_2311-2.jpg\"><img loading=\"lazy\" decoding=\"async\" class=\"alignleft size-full wp-image-7500\" src=\"http:\/\/bergen.katolsk.no\/wp-content\/uploads\/2018\/03\/tn_DSC_2311-2.jpg\" alt=\"tn_DSC_2311 (2)\" width=\"1000\" height=\"667\" srcset=\"https:\/\/bergen.katolsk.no\/wp-content\/uploads\/2018\/03\/tn_DSC_2311-2.jpg 1000w, https:\/\/bergen.katolsk.no\/wp-content\/uploads\/2018\/03\/tn_DSC_2311-2-300x200.jpg 300w, https:\/\/bergen.katolsk.no\/wp-content\/uploads\/2018\/03\/tn_DSC_2311-2-956x637.jpg 956w\" sizes=\"auto, (max-width: 1000px) 100vw, 1000px\" \/><\/a><\/p>\n","protected":false},"excerpt":{"rendered":"<p>Palmes\u00f8ndag har blitt feiret i messene denne helgen med prosesjoner b\u00e5de ute og inne. Den polske gruppen hadde laget ekstra<\/p>\n","protected":false},"author":6,"featured_media":0,"comment_status":"closed","ping_status":"closed","sticky":false,"template":"","format":"standard","meta":{"colormag_page_container_layout":"default_layout","colormag_page_sidebar_layout":"default_layout","_exactmetrics_skip_tracking":false,"_exactmetrics_sitenote_active":false,"_exactmetrics_sitenote_note":"","_exactmetrics_sitenote_category":0,"footnotes":""},"categories":[1],"tags":[],"class_list":["post-7492","post","type-post","status-publish","format-standard","hentry","category-aktuelt"],"_links":{"self":[{"href":"https:\/\/bergen.katolsk.no\/index.php?rest_route=\/wp\/v2\/posts\/7492","targetHints":{"allow":["GET"]}}],"collection":[{"href":"https:\/\/bergen.katolsk.no\/index.php?rest_route=\/wp\/v2\/posts"}],"about":[{"href":"https:\/\/bergen.katolsk.no\/index.php?rest_route=\/wp\/v2\/types\/post"}],"author":[{"embeddable":true,"href":"https:\/\/bergen.katolsk.no\/index.php?rest_route=\/wp\/v2\/users\/6"}],"replies":[{"embeddable":true,"href":"https:\/\/bergen.katolsk.no\/index.php?rest_route=%2Fwp%2Fv2%2Fcomments&post=7492"}],"version-history":[{"count":6,"href":"https:\/\/bergen.katolsk.no\/index.php?rest_route=\/wp\/v2\/posts\/7492\/revisions"}],"predecessor-version":[{"id":7507,"href":"https:\/\/bergen.katolsk.no\/index.php?rest_route=\/wp\/v2\/posts\/7492\/revisions\/7507"}],"wp:attachment":[{"href":"https:\/\/bergen.katolsk.no\/index.php?rest_route=%2Fwp%2Fv2%2Fmedia&parent=7492"}],"wp:term":[{"taxonomy":"category","embeddable":true,"href":"https:\/\/bergen.katolsk.no\/index.php?rest_route=%2Fwp%2Fv2%2Fcategories&post=7492"},{"taxonomy":"post_tag","embeddable":true,"href":"https:\/\/bergen.katolsk.no\/index.php?rest_route=%2Fwp%2Fv2%2Ftags&post=7492"}],"curies":[{"name":"wp","href":"https:\/\/api.w.org\/{rel}","templated":true}]}}