{"id":7509,"date":"2018-03-27T14:30:25","date_gmt":"2018-03-27T14:30:25","guid":{"rendered":"http:\/\/bergen.katolsk.no\/?p=7509"},"modified":"2018-03-27T21:31:52","modified_gmt":"2018-03-27T21:31:52","slug":"novenen-til-den-guddommelige-miskunn","status":"publish","type":"post","link":"https:\/\/bergen.katolsk.no\/?p=7509","title":{"rendered":"Novenen til den guddommelige miskunn"},"content":{"rendered":"<p><a href=\"http:\/\/bergen.katolsk.no\/wp-content\/uploads\/2016\/09\/tn_IMG_3364-2.jpg\"><img loading=\"lazy\" decoding=\"async\" class=\"alignleft wp-image-3988\" src=\"http:\/\/bergen.katolsk.no\/wp-content\/uploads\/2016\/09\/tn_IMG_3364-2-150x300.jpg\" alt=\"tn_IMG_3364 (2)\" width=\"300\" height=\"598\" srcset=\"https:\/\/bergen.katolsk.no\/wp-content\/uploads\/2016\/09\/tn_IMG_3364-2-150x300.jpg 150w, https:\/\/bergen.katolsk.no\/wp-content\/uploads\/2016\/09\/tn_IMG_3364-2.jpg 502w\" sizes=\"auto, (max-width: 300px) 100vw, 300px\" \/><\/a>Ogs\u00e5 i \u00e5r skal vi be novenen til Guds miskunn, 9 dager fra og med langfredag og til og med l\u00f8rdag f\u00f8r Miskunnss\u00f8ndag. Den begynner i St. Paul kirke\u00a0f\u00f8r Langfredagsgudstjenesten, dvs ca kl 14.45. Deretter bes den hver dag f\u00f8r messen.<\/p>\n<p>Du finner teksten her:\u00a0<a href=\"http:\/\/bergen.katolsk.no\/wp_documents\/Novene til Den Guddommelige Miskunn .pdf\" target=\"_blank\">Last ned utskriftsvennlig pdf<\/a><\/p>\n<p><a href=\"http:\/\/bergen.katolsk.no\/wp-content\/uploads\/2018\/03\/tn_Novene-til-Den-Guddommelige-Miskunn-rettet-versjon-page-1.jpg\"><img loading=\"lazy\" decoding=\"async\" class=\"alignnone size-full wp-image-7514\" src=\"http:\/\/bergen.katolsk.no\/wp-content\/uploads\/2018\/03\/tn_Novene-til-Den-Guddommelige-Miskunn-rettet-versjon-page-1.jpg\" alt=\"tn_Novene til Den Guddommelige Miskunn (rettet versjon)-page-1\" width=\"1200\" height=\"849\" srcset=\"https:\/\/bergen.katolsk.no\/wp-content\/uploads\/2018\/03\/tn_Novene-til-Den-Guddommelige-Miskunn-rettet-versjon-page-1.jpg 1200w, https:\/\/bergen.katolsk.no\/wp-content\/uploads\/2018\/03\/tn_Novene-til-Den-Guddommelige-Miskunn-rettet-versjon-page-1-300x212.jpg 300w, https:\/\/bergen.katolsk.no\/wp-content\/uploads\/2018\/03\/tn_Novene-til-Den-Guddommelige-Miskunn-rettet-versjon-page-1-1024x724.jpg 1024w, https:\/\/bergen.katolsk.no\/wp-content\/uploads\/2018\/03\/tn_Novene-til-Den-Guddommelige-Miskunn-rettet-versjon-page-1-956x676.jpg 956w\" sizes=\"auto, (max-width: 1200px) 100vw, 1200px\" \/><\/a><a href=\"http:\/\/bergen.katolsk.no\/wp-content\/uploads\/2018\/03\/tn_Novene-til-Den-Guddommelige-Miskunn-rettet-versjon-page-0.jpg\"><img loading=\"lazy\" decoding=\"async\" class=\"alignnone size-full wp-image-7515\" src=\"http:\/\/bergen.katolsk.no\/wp-content\/uploads\/2018\/03\/tn_Novene-til-Den-Guddommelige-Miskunn-rettet-versjon-page-0.jpg\" alt=\"tn_Novene til Den Guddommelige Miskunn (rettet versjon)-page-0\" width=\"1200\" height=\"849\" srcset=\"https:\/\/bergen.katolsk.no\/wp-content\/uploads\/2018\/03\/tn_Novene-til-Den-Guddommelige-Miskunn-rettet-versjon-page-0.jpg 1200w, https:\/\/bergen.katolsk.no\/wp-content\/uploads\/2018\/03\/tn_Novene-til-Den-Guddommelige-Miskunn-rettet-versjon-page-0-300x212.jpg 300w, https:\/\/bergen.katolsk.no\/wp-content\/uploads\/2018\/03\/tn_Novene-til-Den-Guddommelige-Miskunn-rettet-versjon-page-0-1024x724.jpg 1024w, https:\/\/bergen.katolsk.no\/wp-content\/uploads\/2018\/03\/tn_Novene-til-Den-Guddommelige-Miskunn-rettet-versjon-page-0-956x676.jpg 956w\" sizes=\"auto, (max-width: 1200px) 100vw, 1200px\" \/><\/a><\/p>\n<p>&nbsp;<\/p>\n","protected":false},"excerpt":{"rendered":"<p>Ogs\u00e5 i \u00e5r skal vi be novenen til Guds miskunn, 9 dager fra og med langfredag og til og med<\/p>\n","protected":false},"author":6,"featured_media":0,"comment_status":"closed","ping_status":"closed","sticky":false,"template":"","format":"standard","meta":{"colormag_page_container_layout":"default_layout","colormag_page_sidebar_layout":"default_layout","_exactmetrics_skip_tracking":false,"_exactmetrics_sitenote_active":false,"_exactmetrics_sitenote_note":"","_exactmetrics_sitenote_category":0,"footnotes":""},"categories":[1],"tags":[],"class_list":["post-7509","post","type-post","status-publish","format-standard","hentry","category-aktuelt"],"_links":{"self":[{"href":"https:\/\/bergen.katolsk.no\/index.php?rest_route=\/wp\/v2\/posts\/7509","targetHints":{"allow":["GET"]}}],"collection":[{"href":"https:\/\/bergen.katolsk.no\/index.php?rest_route=\/wp\/v2\/posts"}],"about":[{"href":"https:\/\/bergen.katolsk.no\/index.php?rest_route=\/wp\/v2\/types\/post"}],"author":[{"embeddable":true,"href":"https:\/\/bergen.katolsk.no\/index.php?rest_route=\/wp\/v2\/users\/6"}],"replies":[{"embeddable":true,"href":"https:\/\/bergen.katolsk.no\/index.php?rest_route=%2Fwp%2Fv2%2Fcomments&post=7509"}],"version-history":[{"count":4,"href":"https:\/\/bergen.katolsk.no\/index.php?rest_route=\/wp\/v2\/posts\/7509\/revisions"}],"predecessor-version":[{"id":7517,"href":"https:\/\/bergen.katolsk.no\/index.php?rest_route=\/wp\/v2\/posts\/7509\/revisions\/7517"}],"wp:attachment":[{"href":"https:\/\/bergen.katolsk.no\/index.php?rest_route=%2Fwp%2Fv2%2Fmedia&parent=7509"}],"wp:term":[{"taxonomy":"category","embeddable":true,"href":"https:\/\/bergen.katolsk.no\/index.php?rest_route=%2Fwp%2Fv2%2Fcategories&post=7509"},{"taxonomy":"post_tag","embeddable":true,"href":"https:\/\/bergen.katolsk.no\/index.php?rest_route=%2Fwp%2Fv2%2Ftags&post=7509"}],"curies":[{"name":"wp","href":"https:\/\/api.w.org\/{rel}","templated":true}]}}