{"id":8959,"date":"2018-10-21T12:41:47","date_gmt":"2018-10-21T12:41:47","guid":{"rendered":"http:\/\/bergen.katolsk.no\/?p=8959"},"modified":"2018-10-21T12:46:18","modified_gmt":"2018-10-21T12:46:18","slug":"familiemesse-med-barnekor-og-unge-organister","status":"publish","type":"post","link":"https:\/\/bergen.katolsk.no\/?p=8959","title":{"rendered":"Familiemesse med barnekor og unge organister"},"content":{"rendered":"<p><a href=\"http:\/\/bergen.katolsk.no\/wp-content\/uploads\/2018\/10\/20181021_104354.jpg\"><img loading=\"lazy\" decoding=\"async\" class=\"alignleft wp-image-8960 size-full\" src=\"http:\/\/bergen.katolsk.no\/wp-content\/uploads\/2018\/10\/20181021_104354.jpg\" alt=\"20181021_104354\" width=\"800\" height=\"450\" srcset=\"https:\/\/bergen.katolsk.no\/wp-content\/uploads\/2018\/10\/20181021_104354.jpg 800w, https:\/\/bergen.katolsk.no\/wp-content\/uploads\/2018\/10\/20181021_104354-300x168.jpg 300w\" sizes=\"auto, (max-width: 800px) 100vw, 800px\" \/><\/a>S\u00f8ndag 21. oktober, p\u00e5 misjonss\u00f8ndag, fikk troende, som samlet seg i h\u00f8ymessen, oppleve mye musikk servert av unge sangere og organister. Elever fra Orgelklubben Ferdinand Alexander, Fynn, J\u00f8rgen, Mila og Tiffany spilte under messen mens v\u00e5r organist Amund Dahlen akkompagnerte barnekoret.<\/p>\n<p>Det er 15 barn\u00a0fra 3. til 7. klasse som synger i dette koret\u00a0og fra august har de\u00a0en ny\u00a0dirigent -Laurie\u00a0Robertson \u00d8gaard.\u00a0Hun\u00a0trives med \u00e5 \u00f8ve med barna og synes det er kjempeg\u00f8y \u00e5 l\u00e6re dem \u00e5 synge. De har mye glede av det og, noe som de kanskje ikke er klar over selv de gir masse glede til andre!\u00a0 Koret skal bidra til programmet p\u00e5 SOS-festen i St. Paul skole p\u00e5 l\u00f8rdag 27. oktober. Og det er plass til flere i menighetens barnekor! &#8211; de \u00f8ver i kirken hver torsdag mellom 14.30 og 15.30. Ta kontakt med organisten Amund Dahlen!<\/p>\n<p><a href=\"http:\/\/bergen.katolsk.no\/wp-content\/uploads\/2018\/10\/20181021_115810A.jpg\"><img loading=\"lazy\" decoding=\"async\" class=\"alignleft wp-image-8961 size-full\" src=\"http:\/\/bergen.katolsk.no\/wp-content\/uploads\/2018\/10\/20181021_115810A.jpg\" alt=\"20181021_115810A\" width=\"607\" height=\"857\" srcset=\"https:\/\/bergen.katolsk.no\/wp-content\/uploads\/2018\/10\/20181021_115810A.jpg 607w, https:\/\/bergen.katolsk.no\/wp-content\/uploads\/2018\/10\/20181021_115810A-212x300.jpg 212w\" sizes=\"auto, (max-width: 607px) 100vw, 607px\" \/><\/a><\/p>\n<p>&nbsp;<\/p>\n","protected":false},"excerpt":{"rendered":"<p>S\u00f8ndag 21. oktober, p\u00e5 misjonss\u00f8ndag, fikk troende, som samlet seg i h\u00f8ymessen, oppleve mye musikk servert av unge sangere og<\/p>\n","protected":false},"author":3,"featured_media":0,"comment_status":"closed","ping_status":"closed","sticky":false,"template":"","format":"standard","meta":{"colormag_page_container_layout":"default_layout","colormag_page_sidebar_layout":"default_layout","_exactmetrics_skip_tracking":false,"_exactmetrics_sitenote_active":false,"_exactmetrics_sitenote_note":"","_exactmetrics_sitenote_category":0,"footnotes":""},"categories":[1],"tags":[],"class_list":["post-8959","post","type-post","status-publish","format-standard","hentry","category-aktuelt"],"_links":{"self":[{"href":"https:\/\/bergen.katolsk.no\/index.php?rest_route=\/wp\/v2\/posts\/8959","targetHints":{"allow":["GET"]}}],"collection":[{"href":"https:\/\/bergen.katolsk.no\/index.php?rest_route=\/wp\/v2\/posts"}],"about":[{"href":"https:\/\/bergen.katolsk.no\/index.php?rest_route=\/wp\/v2\/types\/post"}],"author":[{"embeddable":true,"href":"https:\/\/bergen.katolsk.no\/index.php?rest_route=\/wp\/v2\/users\/3"}],"replies":[{"embeddable":true,"href":"https:\/\/bergen.katolsk.no\/index.php?rest_route=%2Fwp%2Fv2%2Fcomments&post=8959"}],"version-history":[{"count":2,"href":"https:\/\/bergen.katolsk.no\/index.php?rest_route=\/wp\/v2\/posts\/8959\/revisions"}],"predecessor-version":[{"id":8963,"href":"https:\/\/bergen.katolsk.no\/index.php?rest_route=\/wp\/v2\/posts\/8959\/revisions\/8963"}],"wp:attachment":[{"href":"https:\/\/bergen.katolsk.no\/index.php?rest_route=%2Fwp%2Fv2%2Fmedia&parent=8959"}],"wp:term":[{"taxonomy":"category","embeddable":true,"href":"https:\/\/bergen.katolsk.no\/index.php?rest_route=%2Fwp%2Fv2%2Fcategories&post=8959"},{"taxonomy":"post_tag","embeddable":true,"href":"https:\/\/bergen.katolsk.no\/index.php?rest_route=%2Fwp%2Fv2%2Ftags&post=8959"}],"curies":[{"name":"wp","href":"https:\/\/api.w.org\/{rel}","templated":true}]}}